{"id":992,"date":"2026-04-29T12:32:01","date_gmt":"2026-04-29T10:32:01","guid":{"rendered":"https:\/\/ivoiroi.com\/?p=992"},"modified":"2026-05-01T14:55:24","modified_gmt":"2026-05-01T12:55:24","slug":"lhomme-dans-lombre-dalassane-photocopie-prend-enfin-son-propre-visage","status":"publish","type":"post","link":"https:\/\/ivoiroi.com\/index.php\/2026\/04\/29\/lhomme-dans-lombre-dalassane-photocopie-prend-enfin-son-propre-visage\/","title":{"rendered":"\ud83c\udde8\ud83c\uddee Politique \u00b7 C\u00f4te d&rsquo;Ivoire\u00a0| L\u2019homme dans l\u2019ombre d\u2019Alassane : \u201cPhotocopie\u201d prend enfin son propre visage"},"content":{"rendered":"\n<hr class=\"wp-block-separator has-alpha-channel-opacity\"\/>\n\n\n\n<p><strong>En quelques semaines seulement, il a \u00e9t\u00e9 \u00e0 Paris pour parler d\u00e9fense avec la France, au Sofitel d&rsquo;Abidjan aux c\u00f4t\u00e9s de la Premi\u00e8re Dame pour parler paix, \u00e0 Botro pour parler tradition, et \u00e0 Abobo pour parler politique. Il s&rsquo;appelle T\u00e9n\u00e9 Birahima Ouattara, alias \u00ab\u00a0Photocopie\u00a0\u00bb. Il est le fr\u00e8re du Pr\u00e9sident. Et visiblement, il n&rsquo;a plus du tout l&rsquo;intention de rester dans l&rsquo;ombre.<\/strong><\/p>\n\n\n\n<hr class=\"wp-block-separator has-alpha-channel-opacity\"\/>\n\n\n\n<h2 class=\"wp-block-heading\">Qui est T\u00e9n\u00e9 Birahima Ouattara, dit \u00ab\u00a0Photocopie\u00a0\u00bb ?<\/h2>\n\n\n\n<p>N\u00e9 vers 1955-1956, <strong>T\u00e9n\u00e9 Birahima Ouattara<\/strong> est le fr\u00e8re cadet du Pr\u00e9sident de la R\u00e9publique <strong>Alassane Ouattara<\/strong>. Les deux hommes se ressemblent tellement que le surnom \u00ab\u00a0Photocopie\u00a0\u00bb lui a \u00e9t\u00e9 attribu\u00e9 par les Ivoiriens \u2014 et m\u00eame revendiqu\u00e9 publiquement par le chef de l&rsquo;\u00c9tat lors d&rsquo;une tourn\u00e9e dans le Nord en 2013.<\/p>\n\n\n\n<p>Dipl\u00f4m\u00e9 en \u00e9conomie de l&rsquo;Universit\u00e9 d&rsquo;Abidjan en 1982, il a d&rsquo;abord fait carri\u00e8re dans la banque avant de rejoindre la sph\u00e8re politique. Pendant des ann\u00e9es, il a cultiv\u00e9 un style sobre et pragmatique, loin des lumi\u00e8res m\u00e9diatiques. Mais depuis janvier 2026, ce profil discret appartient au pass\u00e9.<\/p>\n\n\n\n<figure class=\"wp-block-image size-large is-resized\"><img loading=\"lazy\" decoding=\"async\" width=\"1024\" height=\"682\" src=\"https:\/\/ivoiroi.com\/wp-content\/uploads\/2026\/04\/96d87ad8-07cd-45bc-b1de-8c178fbddd51-1024x682.jpeg\" alt=\"\u201cPhotocopie\u201d prend enfin son propre visage\" class=\"wp-image-1009\" style=\"width:1004px;height:auto\" srcset=\"https:\/\/ivoiroi.com\/wp-content\/uploads\/2026\/04\/96d87ad8-07cd-45bc-b1de-8c178fbddd51-1024x682.jpeg 1024w, https:\/\/ivoiroi.com\/wp-content\/uploads\/2026\/04\/96d87ad8-07cd-45bc-b1de-8c178fbddd51-300x200.jpeg 300w, https:\/\/ivoiroi.com\/wp-content\/uploads\/2026\/04\/96d87ad8-07cd-45bc-b1de-8c178fbddd51-768x512.jpeg 768w, https:\/\/ivoiroi.com\/wp-content\/uploads\/2026\/04\/96d87ad8-07cd-45bc-b1de-8c178fbddd51.jpeg 1280w\" sizes=\"auto, (max-width: 1024px) 100vw, 1024px\" \/><\/figure>\n\n\n\n<hr class=\"wp-block-separator has-alpha-channel-opacity\"\/>\n\n\n\n<h2 class=\"wp-block-heading\">Un poste cr\u00e9\u00e9 rien que pour lui \u2014 une premi\u00e8re dans l&rsquo;histoire de C\u00f4te d&rsquo;Ivoire<\/h2>\n\n\n\n<p>Le 23 janvier 2026, le nouveau gouvernement cr\u00e9e pour la toute premi\u00e8re fois dans l&rsquo;histoire constitutionnelle ivoirienne un poste de <strong>Vice-Premier ministre<\/strong>. Et c&rsquo;est T\u00e9n\u00e9 Birahima qui l&rsquo;obtient, en plus de conserver le portefeuille de la <strong>D\u00e9fense<\/strong>. Apr\u00e8s sa nomination, il a d\u00e9clar\u00e9 : \u00ab\u00a0Cet honneur m&rsquo;engage \u00e0 travailler avec loyaut\u00e9, responsabilit\u00e9 et d\u00e9vouement, au service de l&rsquo;\u00c9tat et des populations ivoiriennes.\u00a0\u00bb<\/p>\n\n\n\n<hr class=\"wp-block-separator has-alpha-channel-opacity\"\/>\n\n\n\n<h2 class=\"wp-block-heading\">En 15 jours, il a \u00e9t\u00e9 partout : la chronologie qui fait parler<\/h2>\n\n\n\n<p>Ce qui frappe, c&rsquo;est la densit\u00e9 de son agenda r\u00e9cent. En moins de deux semaines, T\u00e9n\u00e9 Birahima a encha\u00een\u00e9 les apparitions \u00e0 haute valeur symbolique :<\/p>\n\n\n\n<ul class=\"wp-block-list\">\n<li><strong>15-16 avril 2026 \u2014 Paris :<\/strong> T\u00e9n\u00e9 Birahima repr\u00e9sente la C\u00f4te d&rsquo;Ivoire \u00e0 la r\u00e9union du <strong>G7++ Groupe des Amis du Golfe de Guin\u00e9e (FOGG)<\/strong>. En marge de cet \u00e9v\u00e9nement diplomatique, il est re\u00e7u le 16 avril par son homologue fran\u00e7aise, <strong>Catherine Vautrin<\/strong>, ministre des Arm\u00e9es et des Anciens Combattants. Au menu : terrorisme, contr\u00f4le maritime, modernisation des forces arm\u00e9es ivoiriennes et renforcement de la coop\u00e9ration franco-ivoirienne dans le renseignement et les forces sp\u00e9ciales. Il a affirm\u00e9 : \u00ab\u00a0Nous avons pass\u00e9 en revue des sujets d&rsquo;ordre s\u00e9curitaire, notamment la gestion du terrorisme et le contr\u00f4le de l&rsquo;espace maritime.\u00a0\u00bb<\/li>\n\n\n\n<li><strong>24 avril 2026 \u2014 Sofitel Abidjan H\u00f4tel Ivoire :<\/strong> Invit\u00e9 sp\u00e9cial de la <strong>13e Grande Conf\u00e9rence du Rotary International District 9101<\/strong>, plac\u00e9e sous le th\u00e8me \u00ab\u00a0Briser les barri\u00e8res, construire la paix\u00a0\u00bb, il co-anime un panel de haut niveau avec le vice-pr\u00e9sident du Rotary International. L&rsquo;\u00e9v\u00e9nement est parrain\u00e9 par la <strong>Premi\u00e8re Dame Dominique Ouattara<\/strong>, qui prend la parole pour le f\u00e9liciter publiquement : \u00ab\u00a0Je salue mon cher beau-fr\u00e8re T\u00e9n\u00e9 Birahima Ouattara pour tout le travail qu&rsquo;il accomplit dans ses fonctions pour pr\u00e9server la paix et assurer la s\u00e9curit\u00e9 des populations.\u00a0\u00bb Une b\u00e9n\u00e9diction de la Premi\u00e8re Dame, diffus\u00e9e devant 1 300 rotariens venus de 10 pays.<\/li>\n\n\n\n<li><strong>25 avril 2026 \u2014 Abidjan :<\/strong> Il repr\u00e9sente le Premier ministre Robert Beugr\u00e9 Mamb\u00e9 \u00e0 la premi\u00e8re \u00e9dition du Salon national de l&rsquo;enseignement technique (SNET). Un signe suppl\u00e9mentaire de sa mont\u00e9e en puissance : on le d\u00e9l\u00e8gue d\u00e9sormais pour repr\u00e9senter le chef du gouvernement dans des \u00e9v\u00e9nements majeurs.<\/li>\n\n\n\n<li><strong>6 avril 2026 \u2014 Botro, r\u00e9gion du Gb\u00eak\u00ea :<\/strong> Il rencontre plus de 600 chefs traditionnels lors de l&rsquo;apoth\u00e9ose des Journ\u00e9es culturelles du Gb\u00eak\u00ea organis\u00e9es sous son haut patronage. Il transmet les salutations du Pr\u00e9sident Ouattara et appelle \u00e0 l&rsquo;unit\u00e9 entre les populations.<\/li>\n<\/ul>\n\n\n\n<hr class=\"wp-block-separator has-alpha-channel-opacity\"\/>\n\n\n\n<h2 class=\"wp-block-heading\">Ce que tout cet agenda r\u00e9v\u00e8le vraiment<\/h2>\n\n\n\n<p>Regardez attentivement ce calendrier et vous verrez un homme qui coche toutes les cases du pouvoir en C\u00f4te d&rsquo;Ivoire : la <strong>diplomatie internationale<\/strong> \u00e0 Paris, la <strong>soci\u00e9t\u00e9 civile<\/strong> au Sofitel, les <strong>autorit\u00e9s traditionnelles<\/strong> \u00e0 Botro, les <strong>jeunes et l&rsquo;\u00e9ducation<\/strong> au SNET, et la <strong>b\u00e9n\u00e9diction de la famille pr\u00e9sidentielle<\/strong> via la Premi\u00e8re Dame.<\/p>\n\n\n\n<p>\u00c0 cela s&rsquo;ajoutent ses responsabilit\u00e9s permanentes : <strong>D\u00e9fense<\/strong>, <strong>renseignement<\/strong>, <strong>Conseil national de s\u00e9curit\u00e9<\/strong>, <strong>d\u00e9put\u00e9 d&rsquo;Abobo<\/strong> depuis d\u00e9cembre 2025 et <strong>pr\u00e9sident du conseil r\u00e9gional du Tchologo<\/strong>. Rarement un homme politique ivoirien a autant concentr\u00e9 de leviers simultan\u00e9ment.<\/p>\n\n\n\n<p>Et dans le contexte d&rsquo;une C\u00f4te d&rsquo;Ivoire qui s&rsquo;interroge sur l&rsquo;apr\u00e8s-Ouattara, chaque d\u00e9placement de \u00ab\u00a0Photocopie\u00a0\u00bb est d\u00e9sormais scrut\u00e9 \u00e0 la loupe par toute la classe politique nationale.<\/p>\n\n\n\n<hr class=\"wp-block-separator has-alpha-channel-opacity\"\/>\n\n\n\n<h2 class=\"wp-block-heading\">\u00ab\u00a0Photocopie\u00a0\u00bb n&rsquo;est plus une copie<\/h2>\n\n\n\n<p>Pendant des ann\u00e9es, T\u00e9n\u00e9 Birahima Ouattara a jou\u00e9 le r\u00f4le du fr\u00e8re discret, l&rsquo;homme de l&rsquo;ombre au service de son a\u00een\u00e9. Aujourd&rsquo;hui, il re\u00e7oit les ministres des arm\u00e9es \u00e0 Paris, partage la tribune avec la Premi\u00e8re Dame devant 1 300 personnes et repr\u00e9sente le Premier ministre lors d&rsquo;\u00e9v\u00e9nements nationaux. Le \u00ab\u00a0Photocopie\u00a0\u00bb a pris son propre visage. Ce qu&rsquo;il en fera dans les mois qui viennent, toute la C\u00f4te d&rsquo;Ivoire le regardera.<\/p>\n\n\n\n<hr class=\"wp-block-separator has-alpha-channel-opacity\"\/>\n\n\n\n<h2 class=\"wp-block-heading\">FAQ \u2014 T\u00e9n\u00e9 Birahima Ouattara<\/h2>\n\n\n\n<h3 class=\"wp-block-heading\">Qu&rsquo;a fait T\u00e9n\u00e9 Birahima Ouattara \u00e0 Paris en avril 2026 ?<\/h3>\n\n\n\n<p>Il a particip\u00e9 \u00e0 la r\u00e9union du <strong>G7++ Golfe de Guin\u00e9e (FOGG)<\/strong> les 15 et 16 avril 2026, puis a \u00e9t\u00e9 re\u00e7u par la ministre fran\u00e7aise des Arm\u00e9es <strong>Catherine Vautrin<\/strong> pour des \u00e9changes sur la coop\u00e9ration militaire franco-ivoirienne, le terrorisme et la s\u00e9curit\u00e9 maritime.<\/p>\n\n\n\n<h3 class=\"wp-block-heading\">Pourquoi T\u00e9n\u00e9 Birahima \u00e9tait-il au Sofitel avec Dominique Ouattara ?<\/h3>\n\n\n\n<p>Le 24 avril 2026, il a co-anim\u00e9 le panel de haut niveau de la <strong>13e Conf\u00e9rence du Rotary International District 9101<\/strong>, parrain\u00e9e par la Premi\u00e8re Dame Dominique Ouattara. Celle-ci l&rsquo;a publiquement f\u00e9licit\u00e9 pour son action au service de la paix et de la s\u00e9curit\u00e9 nationale.<\/p>\n\n\n\n<h3 class=\"wp-block-heading\">T\u00e9n\u00e9 Birahima peut-il succ\u00e9der \u00e0 Alassane Ouattara ?<\/h3>\n\n\n\n<p>Aucune annonce officielle en ce sens. Mais la cr\u00e9ation d&rsquo;un poste de Vice-Premier ministre in\u00e9dit pour lui, sa pr\u00e9sence sur tous les fronts diplomatiques, s\u00e9curitaires et politiques, et la b\u00e9n\u00e9diction publique de la Premi\u00e8re Dame alimentent toutes les analyses sur le futur de la C\u00f4te d&rsquo;Ivoire.<\/p>\n\n\n\n<h3 class=\"wp-block-heading\">Quelles sont ses fonctions exactes aujourd&rsquo;hui ?<\/h3>\n\n\n\n<p>Vice-Premier ministre, ministre de la D\u00e9fense, d\u00e9put\u00e9 d&rsquo;Abobo, pr\u00e9sident du conseil r\u00e9gional du Tchologo, membre du Conseil national de s\u00e9curit\u00e9.<\/p>\n\n\n\n<hr class=\"wp-block-separator has-alpha-channel-opacity\"\/>\n\n\n\n<p><em>\ud83d\udccc <strong>Note de transparence :<\/strong> Cet article s&rsquo;appuie sur des sources v\u00e9rifi\u00e9es : <a href=\"https:\/\/www.aip.ci\" target=\"_blank\" rel=\"noreferrer noopener\">AIP<\/a>, <a href=\"https:\/\/www.koaci.com\" target=\"_blank\" rel=\"noreferrer noopener\">KOACI<\/a>, <a href=\"https:\/\/news.abidjan.net\" target=\"_blank\" rel=\"noreferrer noopener\">Abidjan.net<\/a>, <a href=\"https:\/\/www.jeuneafrique.com\" target=\"_blank\" rel=\"noreferrer noopener\">Jeune Afrique<\/a>, <a href=\"https:\/\/connectionivoirienne.net\" target=\"_blank\" rel=\"noreferrer noopener\">Connection Ivoirienne<\/a>, <a href=\"https:\/\/www.lsi-africa.com\" target=\"_blank\" rel=\"noreferrer noopener\">LSI Africa<\/a>. Conform\u00e9ment \u00e0 la charte \u00e9ditoriale de <a href=\"https:\/\/ivoiroi.com\" target=\"_blank\" rel=\"noreferrer noopener\">Livoiroi<\/a>.<\/em><\/p>\n\n\n\n<p><strong>\ud83c\udde8\ud83c\uddee Politique \u00b7 C\u00f4te d&rsquo;Ivoire<\/strong> &nbsp;|&nbsp; Publi\u00e9 le 29 avril 2026 &nbsp;|&nbsp; Par la R\u00e9daction Livoiroi<\/p>\n\n\n\n<hr class=\"wp-block-separator has-alpha-channel-opacity\"\/>\n\n\n\n<hr class=\"wp-block-separator has-alpha-channel-opacity\"\/>\n\n\n\n<p><strong>Il s&rsquo;appelle T\u00e9n\u00e9 Birahima Ouattara. On l&rsquo;appelle \u00ab\u00a0Photocopie\u00a0\u00bb \u2014 tant il ressemble \u00e0 son fr\u00e8re, le Pr\u00e9sident Alassane Ouattara. Depuis janvier 2026, il est Vice-Premier ministre et ministre de la D\u00e9fense, un poste cr\u00e9\u00e9 sp\u00e9cialement pour lui \u2014 une premi\u00e8re dans l&rsquo;histoire de la C\u00f4te d&rsquo;Ivoire. Paris, Sofitel, Abobo, Botro\u2026 Il est partout. Mais un document de la CEI vient de relancer une question que beaucoup se posaient tout bas : o\u00f9 est-il vraiment n\u00e9 ? Kong ou Sindou ? Deux lieux, un seul homme, et des questions qui m\u00e9ritent des r\u00e9ponses.<\/strong><\/p>\n\n\n\n<hr class=\"wp-block-separator has-alpha-channel-opacity\"\/>\n\n\n\n<h2 class=\"wp-block-heading\">Qui est T\u00e9n\u00e9 Birahima Ouattara, dit \u00ab\u00a0Photocopie\u00a0\u00bb ?<\/h2>\n\n\n\n<p>N\u00e9 le <strong>12 f\u00e9vrier 1956<\/strong>, T\u00e9n\u00e9 Birahima Ouattara est le fr\u00e8re cadet du Pr\u00e9sident de la R\u00e9publique <strong>Alassane Ouattara<\/strong>. Les deux hommes se ressemblent tellement que le surnom \u00ab\u00a0Photocopie\u00a0\u00bb lui a \u00e9t\u00e9 attribu\u00e9 par les Ivoiriens eux-m\u00eames \u2014 et m\u00eame revendiqu\u00e9 publiquement par le chef de l&rsquo;\u00c9tat lors d&rsquo;une tourn\u00e9e dans le Nord en 2013.<\/p>\n\n\n\n<p>Dipl\u00f4m\u00e9 en \u00e9conomie de l&rsquo;Universit\u00e9 d&rsquo;Abidjan en 1982, il a d&rsquo;abord fait carri\u00e8re dans la banque avant d&rsquo;entrer en politique. Mais une question ressurgit aujourd&rsquo;hui : o\u00f9 est-il pr\u00e9cis\u00e9ment n\u00e9 ?<\/p>\n\n\n\n<hr class=\"wp-block-separator has-alpha-channel-opacity\"\/>\n\n\n\n<h2 class=\"wp-block-heading\">\ud83d\udd34 Sindou ou Kong ? L&rsquo;imbroglio identitaire que la CEI doit expliquer<\/h2>\n\n\n\n<p>C&rsquo;est le document que personne n&rsquo;attendait. Une capture d&rsquo;\u00e9cran de la <strong>carte \u00e9lectorale officielle de T\u00e9n\u00e9 Birahima Ouattara<\/strong>, extraite de la base de donn\u00e9es de la <strong>Commission \u00c9lectorale Ind\u00e9pendante (CEI)<\/strong>, circule depuis peu et s\u00e8me le trouble.<\/p>\n\n\n\n<p>On y lit clairement :<\/p>\n\n\n\n<ul class=\"wp-block-list\">\n<li><strong>Nom :<\/strong> OUATTARA<\/li>\n\n\n\n<li><strong>Pr\u00e9noms :<\/strong> TENE BIRAHIMA<\/li>\n\n\n\n<li><strong>Date de naissance :<\/strong> 12\/02\/1956<\/li>\n\n\n\n<li><strong>Lieu de naissance :<\/strong> <strong>SINDOU<\/strong><\/li>\n\n\n\n<li><strong>D\u00e9partement \/ Commune :<\/strong> KONG<\/li>\n\n\n\n<li><strong>Lieu de vote :<\/strong> EPP BAD KONG<\/li>\n\n\n\n<li><strong>Profession :<\/strong> DIRECTEUR DE SOCI\u00c9T\u00c9<\/li>\n<\/ul>\n\n\n\n<p>Le probl\u00e8me ? Dans l&rsquo;ensemble des biographies officielles, communications gouvernementales et documents publics consultables, <strong>Kong<\/strong> a toujours \u00e9t\u00e9 pr\u00e9sent\u00e9 comme son lieu d&rsquo;origine \u2014 l\u00e0 o\u00f9 il a \u00e9t\u00e9 \u00e9lu d\u00e9put\u00e9, maire, puis pr\u00e9sident de conseil r\u00e9gional. <strong>Sindou<\/strong>, lui, est un village situ\u00e9 dans la r\u00e9gion du Tchologo, \u00e0 quelques kilom\u00e8tres de Kong.<\/p>\n\n\n\n<p>Deux hypoth\u00e8ses journalistiques se d\u00e9gagent :<\/p>\n\n\n\n<ul class=\"wp-block-list\">\n<li><strong>Hypoth\u00e8se 1 \u2014 Erreur administrative :<\/strong> La CEI a pu commettre une erreur de saisie lors de l&rsquo;enregistrement. Ce type d&rsquo;anomalie n&rsquo;est pas rare dans les bases de donn\u00e9es \u00e9lectorales ivoiriennes.<\/li>\n\n\n\n<li><strong>Hypoth\u00e8se 2 \u2014 Divergence documentaire r\u00e9elle :<\/strong> Ses documents d&rsquo;\u00e9tat civil pourraient indiquer Sindou comme lieu de naissance, tandis que Kong a \u00e9t\u00e9 utilis\u00e9 comme lieu d&rsquo;identification politique et \u00e9lectorale.<\/li>\n<\/ul>\n\n\n\n<blockquote class=\"wp-block-quote is-layout-flow wp-block-quote-is-layout-flow\">\n<p>\u26a0\ufe0f <strong>Note \u00e9ditoriale :<\/strong> Livoiroi ne formule aucune accusation. Nous constatons une divergence entre deux documents officiels et posons la question l\u00e9gitime : la CEI peut-elle apporter une clarification ? Le silence serait lui-m\u00eame une information.<\/p>\n<\/blockquote>\n\n\n\n<hr class=\"wp-block-separator has-alpha-channel-opacity\"\/>\n\n\n\n<h2 class=\"wp-block-heading\">Vice-Premier ministre : un poste taill\u00e9 sur mesure<\/h2>\n\n\n\n<p>Le 23 janvier 2026, le nouveau gouvernement dirig\u00e9 par le Premier ministre <strong>Robert Beugr\u00e9 Mamb\u00e9<\/strong> voit la cr\u00e9ation d&rsquo;un poste totalement in\u00e9dit dans l&rsquo;histoire constitutionnelle ivoirienne : celui de <strong>Vice-Premier ministre<\/strong>. Et c&rsquo;est T\u00e9n\u00e9 Birahima Ouattara qui l&rsquo;obtient, cumulant cette fonction avec celle de <strong>ministre de la D\u00e9fense<\/strong>.<\/p>\n\n\n\n<p>Son \u00e9l\u00e9vation au rang de Vice-Premier ministre consacre son r\u00f4le central dans l&rsquo;architecture politique et s\u00e9curitaire de l&rsquo;\u00c9tat ivoirien. En acceptant sa nomination, il a d\u00e9clar\u00e9 : \u00ab\u00a0Cet honneur m&rsquo;engage \u00e0 travailler avec loyaut\u00e9, responsabilit\u00e9 et d\u00e9vouement, au service de l&rsquo;\u00c9tat et des populations ivoiriennes.\u00a0\u00bb<\/p>\n\n\n\n<hr class=\"wp-block-separator has-alpha-channel-opacity\"\/>\n\n\n\n<h2 class=\"wp-block-heading\">Un homme partout \u00e0 la fois : le nouveau visage du pouvoir ivoirien<\/h2>\n\n\n\n<p>Ce qui frappe dans le parcours r\u00e9cent de T\u00e9n\u00e9 Birahima, c&rsquo;est son omnipr\u00e9sence sur tous les fronts. En quelques mois seulement, il cumule des mandats et des responsabilit\u00e9s comme peu d&rsquo;hommes politiques ivoiriens avant lui.<\/p>\n\n\n\n<ul class=\"wp-block-list\">\n<li><strong>S\u00e9curit\u00e9 nationale :<\/strong> Ministre de la D\u00e9fense depuis 2021, il supervise la modernisation des Forces arm\u00e9es de C\u00f4te d&rsquo;Ivoire (FACI) et si\u00e8ge au Conseil national de s\u00e9curit\u00e9.<\/li>\n\n\n\n<li><strong>Renseignement :<\/strong> Il a \u00e9t\u00e9 chef de l&rsquo;Unit\u00e9 de lutte contre le grand banditisme (ULGB), lui donnant acc\u00e8s aux services de renseignement de l&rsquo;\u00c9tat.<\/li>\n\n\n\n<li><strong>Politique territoriale :<\/strong> \u00c9lu d\u00e9put\u00e9 de Kong en 2011, il est \u00e9galement maire de Kong de 2013 \u00e0 2018, puis pr\u00e9sident du conseil r\u00e9gional du Tchologo depuis 2018. En d\u00e9cembre 2025, il remporte le si\u00e8ge de d\u00e9put\u00e9 d&rsquo;<strong>Abobo<\/strong> \u2014 l&rsquo;un des fiefs \u00e9lectoraux les plus importants du pays.<\/li>\n\n\n\n<li><strong>Coh\u00e9sion sociale :<\/strong> Le 24 avril 2026 au Sofitel Abidjan H\u00f4tel Ivoire, lors de la Grande Conf\u00e9rence du Rotary International, il a appel\u00e9 \u00e0 lever les barri\u00e8res sociales, politiques et s\u00e9curitaires qui s&rsquo;opposent \u00e0 la construction d&rsquo;une paix durable.<\/li>\n\n\n\n<li><strong>Terrain dans les r\u00e9gions :<\/strong> Le 6 avril 2026 \u00e0 Botro, il a invit\u00e9 les chefs traditionnels de la r\u00e9gion du Gb\u00eak\u00ea \u00e0 poursuivre leur engagement aux c\u00f4t\u00e9s de l&rsquo;\u00c9tat en vue de renforcer la coh\u00e9sion sociale.<\/li>\n<\/ul>\n\n\n\n<hr class=\"wp-block-separator has-alpha-channel-opacity\"\/>\n\n\n\n<h2 class=\"wp-block-heading\">Pourquoi sa mont\u00e9e en puissance intrigue les observateurs<\/h2>\n\n\n\n<p>Dans les cercles politiques ivoiriens, la trajectoire de T\u00e9n\u00e9 Birahima ne passe pas inaper\u00e7ue. Plusieurs \u00e9l\u00e9ments alimentent les analyses :<\/p>\n\n\n\n<ul class=\"wp-block-list\">\n<li><strong>Un poste jamais vu :<\/strong> La cr\u00e9ation du poste de Vice-Premier ministre \u2014 une premi\u00e8re depuis 1990 \u2014 sp\u00e9cifiquement pour lui soul\u00e8ve des questions sur la r\u00e9organisation du pouvoir au sommet de l&rsquo;\u00c9tat.<\/li>\n\n\n\n<li><strong>La question de la succession :<\/strong> Le Pr\u00e9sident Alassane Ouattara, \u00e2g\u00e9 de 83 ans, a officiellement exclu de briguer un nouveau mandat. Dans ce contexte, la mont\u00e9e en puissance de son fr\u00e8re est scrut\u00e9e de pr\u00e8s par toute la classe politique.<\/li>\n\n\n\n<li><strong>Une pr\u00e9sence dans tous les rouages :<\/strong> D\u00e9fense, renseignement, l\u00e9gislatif, mairies, conseils r\u00e9gionaux \u2014 rarement un homme politique ivoirien a autant concentr\u00e9 de leviers de pouvoir simultan\u00e9ment.<\/li>\n\n\n\n<li><strong>La b\u00e9n\u00e9diction de la Premi\u00e8re Dame :<\/strong> La Premi\u00e8re Dame Dominique Ouattara a publiquement f\u00e9licit\u00e9 T\u00e9n\u00e9 Birahima Ouattara pour \u00ab\u00a0le travail qu&rsquo;il a accompli dans le cadre de ses fonctions au sein du gouvernement afin de pr\u00e9server la paix et assurer la s\u00e9curit\u00e9 de la C\u00f4te d&rsquo;Ivoire.\u00a0\u00bb<\/li>\n<\/ul>\n\n\n\n<hr class=\"wp-block-separator has-alpha-channel-opacity\"\/>\n\n\n\n<h2 class=\"wp-block-heading\">\u00ab\u00a0Photocopie\u00a0\u00bb n&rsquo;est plus une copie \u2014 mais qui est vraiment l&rsquo;original ?<\/h2>\n\n\n\n<p>Paris, Sofitel, Abobo, Botro, G7++&#8230; En quelques semaines, T\u00e9n\u00e9 Birahima Ouattara a d\u00e9montr\u00e9 qu&rsquo;il est d\u00e9sormais un acteur incontournable de la sc\u00e8ne politique ivoirienne. Mais l&rsquo;apparition de ce document de la CEI mentionnant <strong>Sindou<\/strong> comme lieu de naissance vient rappeler que derri\u00e8re l&rsquo;homme public, il reste des zones d&rsquo;ombre que les Ivoiriens ont le droit de voir \u00e9clair\u00e9es. La CEI a une r\u00e9ponse \u00e0 donner. Livoiroi attend.<\/p>\n\n\n\n<hr class=\"wp-block-separator has-alpha-channel-opacity\"\/>\n\n\n\n<h2 class=\"wp-block-heading\">FAQ \u2014 Ce que vous voulez savoir sur T\u00e9n\u00e9 Birahima Ouattara<\/h2>\n\n\n\n<h3 class=\"wp-block-heading\">Qui est T\u00e9n\u00e9 Birahima Ouattara ?<\/h3>\n\n\n\n<p>T\u00e9n\u00e9 Birahima Ouattara est le fr\u00e8re cadet du Pr\u00e9sident ivoirien Alassane Ouattara. Depuis janvier 2026, il occupe le poste de <strong>Vice-Premier ministre et ministre de la D\u00e9fense<\/strong> de C\u00f4te d&rsquo;Ivoire \u2014 une premi\u00e8re historique dans le pays.<\/p>\n\n\n\n<h3 class=\"wp-block-heading\">Pourquoi l&rsquo;appelle-t-on \u00ab\u00a0Photocopie\u00a0\u00bb ?<\/h3>\n\n\n\n<p>En raison de sa ressemblance frappante avec son fr\u00e8re le Pr\u00e9sident <strong>Alassane Ouattara<\/strong>. Le surnom lui a \u00e9t\u00e9 donn\u00e9 par les Ivoiriens et a \u00e9t\u00e9 publiquement assum\u00e9 par le chef de l&rsquo;\u00c9tat lui-m\u00eame.<\/p>\n\n\n\n<h3 class=\"wp-block-heading\">T\u00e9n\u00e9 Birahima peut-il devenir Pr\u00e9sident de C\u00f4te d&rsquo;Ivoire ?<\/h3>\n\n\n\n<p>Aucune annonce officielle ne va dans ce sens. Mais sa mont\u00e9e en puissance \u2014 nouveau poste de Vice-Premier ministre, \u00e9lection \u00e0 Abobo, contr\u00f4le de la D\u00e9fense et du renseignement \u2014 alimente les sp\u00e9culations sur son r\u00f4le dans la future configuration politique de la C\u00f4te d&rsquo;Ivoire.<\/p>\n\n\n\n<h3 class=\"wp-block-heading\">O\u00f9 est n\u00e9 T\u00e9n\u00e9 Birahima Ouattara \u2014 Kong ou Sindou ?<\/h3>\n\n\n\n<p>Selon sa <strong>carte \u00e9lectorale officielle de la CEI<\/strong>, son lieu de naissance est indiqu\u00e9 comme <strong>Sindou<\/strong>. Pourtant, toutes ses biographies officielles et communications gouvernementales le rattachent \u00e0 <strong>Kong<\/strong>, son fief politique. Cette divergence entre deux documents officiels n&rsquo;a pas encore \u00e9t\u00e9 expliqu\u00e9e par les autorit\u00e9s comp\u00e9tentes.<\/p>\n\n\n\n<h3 class=\"wp-block-heading\">Est-ce que la CEI peut se tromper sur un lieu de naissance ?<\/h3>\n\n\n\n<p>Oui. Des erreurs de saisie dans les bases de donn\u00e9es de la Commission \u00c9lectorale Ind\u00e9pendante ont d\u00e9j\u00e0 \u00e9t\u00e9 constat\u00e9es par le pass\u00e9. Mais dans le cas d&rsquo;une personnalit\u00e9 de cette envergure, une clarification officielle s&rsquo;impose.<\/p>\n\n\n\n<hr class=\"wp-block-separator has-alpha-channel-opacity\"\/>\n\n\n\n<p><em>\ud83d\udccc <strong>Note de transparence :<\/strong> Cet article s&rsquo;appuie sur des sources v\u00e9rifi\u00e9es : <a href=\"https:\/\/www.aip.ci\" target=\"_blank\" rel=\"noreferrer noopener\">AIP<\/a>, <a href=\"https:\/\/www.koaci.com\" target=\"_blank\" rel=\"noreferrer noopener\">KOACI<\/a>, <a href=\"https:\/\/news.abidjan.net\" target=\"_blank\" rel=\"noreferrer noopener\">Abidjan.net<\/a>, <a href=\"https:\/\/www.jeuneafrique.com\" target=\"_blank\" rel=\"noreferrer noopener\">Jeune Afrique<\/a>, <a href=\"https:\/\/connectionivoirienne.net\" target=\"_blank\" rel=\"noreferrer noopener\">Connection Ivoirienne<\/a>, <a href=\"https:\/\/www.lsi-africa.com\" target=\"_blank\" rel=\"noreferrer noopener\">LSI Africa<\/a>, base de donn\u00e9es CEI (document Cash Ivoire). Conform\u00e9ment \u00e0 la charte \u00e9ditoriale de <a href=\"https:\/\/ivoiroi.com\" target=\"_blank\" rel=\"noreferrer noopener\">Livoiroi<\/a>. Derni\u00e8re mise \u00e0 jour : 29 avril 2026.<\/em><\/p>\n\n\n\n<p><\/p>\n\n\n\n<p><\/p>\n","protected":false},"excerpt":{"rendered":"<p>En quelques semaines seulement, il a \u00e9t\u00e9 \u00e0 Paris pour parler d\u00e9fense avec la France, au Sofitel d&rsquo;Abidjan aux c\u00f4t\u00e9s<\/p>\n","protected":false},"author":1,"featured_media":1008,"comment_status":"closed","ping_status":"open","sticky":false,"template":"","format":"standard","meta":{"colormag_page_container_layout":"default_layout","colormag_page_sidebar_layout":"default_layout","footnotes":""},"categories":[18],"tags":[],"class_list":["post-992","post","type-post","status-publish","format-standard","has-post-thumbnail","hentry","category-politique"],"magazineBlocksPostFeaturedMedia":{"thumbnail":"https:\/\/ivoiroi.com\/wp-content\/uploads\/2026\/04\/b2d3eeda-3aae-4588-affa-e0249d2f84d8-150x150.jpeg","medium":"https:\/\/ivoiroi.com\/wp-content\/uploads\/2026\/04\/b2d3eeda-3aae-4588-affa-e0249d2f84d8-300x200.jpeg","medium_large":"https:\/\/ivoiroi.com\/wp-content\/uploads\/2026\/04\/b2d3eeda-3aae-4588-affa-e0249d2f84d8-768x512.jpeg","large":"https:\/\/ivoiroi.com\/wp-content\/uploads\/2026\/04\/b2d3eeda-3aae-4588-affa-e0249d2f84d8-1024x682.jpeg","1536x1536":"https:\/\/ivoiroi.com\/wp-content\/uploads\/2026\/04\/b2d3eeda-3aae-4588-affa-e0249d2f84d8.jpeg","2048x2048":"https:\/\/ivoiroi.com\/wp-content\/uploads\/2026\/04\/b2d3eeda-3aae-4588-affa-e0249d2f84d8.jpeg","colormag-highlighted-post":"https:\/\/ivoiroi.com\/wp-content\/uploads\/2026\/04\/b2d3eeda-3aae-4588-affa-e0249d2f84d8-392x272.jpeg","colormag-featured-post-medium":"https:\/\/ivoiroi.com\/wp-content\/uploads\/2026\/04\/b2d3eeda-3aae-4588-affa-e0249d2f84d8-390x205.jpeg","colormag-featured-post-small":"https:\/\/ivoiroi.com\/wp-content\/uploads\/2026\/04\/b2d3eeda-3aae-4588-affa-e0249d2f84d8-130x90.jpeg","colormag-featured-image":"https:\/\/ivoiroi.com\/wp-content\/uploads\/2026\/04\/b2d3eeda-3aae-4588-affa-e0249d2f84d8-800x445.jpeg","colormag-default-news":"https:\/\/ivoiroi.com\/wp-content\/uploads\/2026\/04\/b2d3eeda-3aae-4588-affa-e0249d2f84d8-150x150.jpeg","colormag-featured-image-large":"https:\/\/ivoiroi.com\/wp-content\/uploads\/2026\/04\/b2d3eeda-3aae-4588-affa-e0249d2f84d8-1280x600.jpeg"},"magazineBlocksPostAuthor":{"name":"rdouele","avatar":"https:\/\/secure.gravatar.com\/avatar\/83b83ed3417eeba1389d4503db5ff4fcc4ab98b635bc11213e521a303fef9f0e?s=96&d=mm&r=g"},"magazineBlocksPostCommentsNumber":false,"magazineBlocksPostExcerpt":"En quelques semaines seulement, il a \u00e9t\u00e9 \u00e0 Paris pour parler d\u00e9fense avec la France, au Sofitel d&rsquo;Abidjan aux c\u00f4t\u00e9s","magazineBlocksPostCategories":["Politique"],"magazineBlocksPostViewCount":14,"magazineBlocksPostReadTime":13,"magazine_blocks_featured_image_url":{"full":["https:\/\/ivoiroi.com\/wp-content\/uploads\/2026\/04\/b2d3eeda-3aae-4588-affa-e0249d2f84d8.jpeg",1280,853,false],"medium":["https:\/\/ivoiroi.com\/wp-content\/uploads\/2026\/04\/b2d3eeda-3aae-4588-affa-e0249d2f84d8-300x200.jpeg",300,200,true],"thumbnail":["https:\/\/ivoiroi.com\/wp-content\/uploads\/2026\/04\/b2d3eeda-3aae-4588-affa-e0249d2f84d8-150x150.jpeg",150,150,true]},"magazine_blocks_author":{"display_name":"rdouele","author_link":"https:\/\/ivoiroi.com\/index.php\/author\/rdouele\/"},"magazine_blocks_comment":0,"magazine_blocks_author_image":"https:\/\/secure.gravatar.com\/avatar\/83b83ed3417eeba1389d4503db5ff4fcc4ab98b635bc11213e521a303fef9f0e?s=96&d=mm&r=g","magazine_blocks_category":"<a href=\"#\" class=\"category-link category-link-18\">Politique<\/a>","_links":{"self":[{"href":"https:\/\/ivoiroi.com\/index.php\/wp-json\/wp\/v2\/posts\/992","targetHints":{"allow":["GET"]}}],"collection":[{"href":"https:\/\/ivoiroi.com\/index.php\/wp-json\/wp\/v2\/posts"}],"about":[{"href":"https:\/\/ivoiroi.com\/index.php\/wp-json\/wp\/v2\/types\/post"}],"author":[{"embeddable":true,"href":"https:\/\/ivoiroi.com\/index.php\/wp-json\/wp\/v2\/users\/1"}],"replies":[{"embeddable":true,"href":"https:\/\/ivoiroi.com\/index.php\/wp-json\/wp\/v2\/comments?post=992"}],"version-history":[{"count":6,"href":"https:\/\/ivoiroi.com\/index.php\/wp-json\/wp\/v2\/posts\/992\/revisions"}],"predecessor-version":[{"id":1011,"href":"https:\/\/ivoiroi.com\/index.php\/wp-json\/wp\/v2\/posts\/992\/revisions\/1011"}],"wp:featuredmedia":[{"embeddable":true,"href":"https:\/\/ivoiroi.com\/index.php\/wp-json\/wp\/v2\/media\/1008"}],"wp:attachment":[{"href":"https:\/\/ivoiroi.com\/index.php\/wp-json\/wp\/v2\/media?parent=992"}],"wp:term":[{"taxonomy":"category","embeddable":true,"href":"https:\/\/ivoiroi.com\/index.php\/wp-json\/wp\/v2\/categories?post=992"},{"taxonomy":"post_tag","embeddable":true,"href":"https:\/\/ivoiroi.com\/index.php\/wp-json\/wp\/v2\/tags?post=992"}],"curies":[{"name":"wp","href":"https:\/\/api.w.org\/{rel}","templated":true}]}}