{"id":984,"date":"2026-04-29T00:00:35","date_gmt":"2026-04-28T22:00:35","guid":{"rendered":"https:\/\/ivoiroi.com\/?p=984"},"modified":"2026-05-01T14:58:03","modified_gmt":"2026-05-01T12:58:03","slug":"discours-assimi-goita-mali","status":"publish","type":"post","link":"https:\/\/ivoiroi.com\/index.php\/2026\/04\/29\/discours-assimi-goita-mali\/","title":{"rendered":"72h de silence, puis ces mots : \u201cLe Mali a vaincu\u201d"},"content":{"rendered":"\n<p>\ud83d\udd34 <strong>BREAKING :<\/strong> Go\u00efta s&rsquo;est adress\u00e9 \u00e0 la Nation ce soir sur l&rsquo;ORTM \u2014 <em>\u00ab\u00a0Le plan funeste de l&rsquo;ennemi a \u00e9t\u00e9 d\u00e9jou\u00e9. La situation est ma\u00eetris\u00e9e.\u00a0\u00bb<\/em><\/p>\n\n\n\n<hr class=\"wp-block-separator has-alpha-channel-opacity\"\/>\n\n\n\n<figure class=\"wp-block-image size-large is-resized\"><img loading=\"lazy\" decoding=\"async\" width=\"1024\" height=\"683\" src=\"https:\/\/ivoiroi.com\/wp-content\/uploads\/2026\/04\/IMG_3400-1024x683.jpeg\" alt=\"\" class=\"wp-image-985\" style=\"width:1004px;height:auto\" srcset=\"https:\/\/ivoiroi.com\/wp-content\/uploads\/2026\/04\/IMG_3400-1024x683.jpeg 1024w, https:\/\/ivoiroi.com\/wp-content\/uploads\/2026\/04\/IMG_3400-300x200.jpeg 300w, https:\/\/ivoiroi.com\/wp-content\/uploads\/2026\/04\/IMG_3400-768x512.jpeg 768w, https:\/\/ivoiroi.com\/wp-content\/uploads\/2026\/04\/IMG_3400.jpeg 1280w\" sizes=\"auto, (max-width: 1024px) 100vw, 1024px\" \/><\/figure>\n\n\n\n<hr class=\"wp-block-separator has-alpha-channel-opacity\"\/>\n\n\n\n<p><strong>Il \u00e9tait attendu, esp\u00e9r\u00e9, r\u00e9clam\u00e9 par tout un peuple. Ce mardi 28 avril 2026, trois jours apr\u00e8s les attaques qui ont secou\u00e9 le Mali jusqu&rsquo;\u00e0 son c\u0153ur, le Pr\u00e9sident de la Transition Assimi Go\u00efta a bris\u00e9 le silence. Au CHU de Kati d&rsquo;abord, au chevet des bless\u00e9s. Puis sur l&rsquo;ORTM, face \u00e0 la Nation. Son message : le Mali a r\u00e9sist\u00e9. Le plan de l&rsquo;ennemi a \u00e9chou\u00e9. Le pays se rel\u00e8ve.<\/strong><\/p>\n\n\n\n<hr class=\"wp-block-separator has-alpha-channel-opacity\"\/>\n\n\n\n<h2 class=\"wp-block-heading\">Go\u00efta face \u00e0 son peuple : pourquoi ce discours \u00e9tait historique<\/h2>\n\n\n\n<p>Depuis les attaques simultan\u00e9es du 25 avril 2026 contre Bamako, Kati, Gao, Kidal, Mopti et S\u00e9var\u00e9, le Pr\u00e9sident de la Transition <strong>Assimi Go\u00efta<\/strong> n&rsquo;avait pas \u00e9t\u00e9 aper\u00e7u. 72 heures de silence qui avaient aliment\u00e9 toutes les rumeurs. Ce mardi soir, sur les antennes de l&rsquo;<strong>ORTM<\/strong>, le chef de l&rsquo;\u00c9tat est apparu grave, martial et rassurant selon les sources pr\u00e9sentes. Un discours tr\u00e8s attendu par les Maliens de l&rsquo;int\u00e9rieur comme de la diaspora.<\/p>\n\n\n\n<hr class=\"wp-block-separator has-alpha-channel-opacity\"\/>\n\n\n\n<h2 class=\"wp-block-heading\">Ce qu&rsquo;a dit Go\u00efta : les mots qui redonnent espoir<\/h2>\n\n\n\n<p>Dans son allocution diffus\u00e9e sur l&rsquo;ORTM ce 28 avril 2026, Assimi Go\u00efta s&rsquo;est voulu tout \u00e0 la fois grave, martial et rassurant. Il a assur\u00e9 qu&rsquo;un \u00ab\u00a0violent coup d&rsquo;arr\u00eat a \u00e9t\u00e9 donn\u00e9 aux assaillants\u00a0\u00bb et que le \u00ab\u00a0plan funeste de l&rsquo;ennemi a \u00e9t\u00e9 d\u00e9jou\u00e9\u00a0\u00bb. Il a \u00e9galement assur\u00e9 que \u00ab\u00a0la situation est ma\u00eetris\u00e9e\u00a0\u00bb.<\/p>\n\n\n\n<p>Un discours en trois temps forts :<\/p>\n\n\n\n<ul class=\"wp-block-list\">\n<li><strong>L&rsquo;hommage aux martyrs :<\/strong> Go\u00efta a rendu hommage aux soldats et civils tomb\u00e9s lors des attaques, avec une pens\u00e9e particuli\u00e8re pour le g\u00e9n\u00e9ral <strong>Sadio Camara<\/strong>, ministre de la D\u00e9fense assassin\u00e9 le 25 avril dans l&rsquo;attentat contre sa r\u00e9sidence \u00e0 Kati. Il a salu\u00e9 leur sacrifice comme \u00ab\u00a0le socle de l&rsquo;engagement national\u00a0\u00bb.<\/li>\n\n\n\n<li><strong>Le message de fermet\u00e9 :<\/strong> Le chef supr\u00eame des Arm\u00e9es a \u00e9t\u00e9 clair \u2014 le Mali ne se laissera pas d\u00e9stabiliser. Les assaillants ont \u00e9t\u00e9 stopp\u00e9s. Les forces arm\u00e9es maliennes et leurs alli\u00e9s ont tenu leurs positions. La tentative de coup d&rsquo;\u00c9tat a \u00e9chou\u00e9.<\/li>\n\n\n\n<li><strong>L&rsquo;appel \u00e0 l&rsquo;unit\u00e9 nationale :<\/strong> Go\u00efta a conclu par un appel fort au rassemblement de toutes les forces vives du Mali, civils et militaires, autour du projet <strong>Mali Kura<\/strong> \u2014 le \u00ab\u00a0Nouveau Mali\u00a0\u00bb \u2014 r\u00e9affirmant la souverainet\u00e9 et la dignit\u00e9 du pays face \u00e0 ses ennemis.<\/li>\n<\/ul>\n\n\n\n<hr class=\"wp-block-separator has-alpha-channel-opacity\"\/>\n\n\n\n<figure class=\"wp-block-image size-large is-resized\"><img loading=\"lazy\" decoding=\"async\" width=\"1024\" height=\"683\" src=\"https:\/\/ivoiroi.com\/wp-content\/uploads\/2026\/04\/IMG_3401-1024x683.jpeg\" alt=\"\" class=\"wp-image-986\" style=\"width:1004px;height:auto\" srcset=\"https:\/\/ivoiroi.com\/wp-content\/uploads\/2026\/04\/IMG_3401-1024x683.jpeg 1024w, https:\/\/ivoiroi.com\/wp-content\/uploads\/2026\/04\/IMG_3401-300x200.jpeg 300w, https:\/\/ivoiroi.com\/wp-content\/uploads\/2026\/04\/IMG_3401-768x512.jpeg 768w, https:\/\/ivoiroi.com\/wp-content\/uploads\/2026\/04\/IMG_3401-1536x1025.jpeg 1536w, https:\/\/ivoiroi.com\/wp-content\/uploads\/2026\/04\/IMG_3401.jpeg 1800w\" sizes=\"auto, (max-width: 1024px) 100vw, 1024px\" \/><\/figure>\n\n\n\n<hr class=\"wp-block-separator has-alpha-channel-opacity\"\/>\n\n\n\n<h2 class=\"wp-block-heading\">Une journ\u00e9e symbolique de bout en bout<\/h2>\n\n\n\n<p>Avant ce discours historique, Go\u00efta avait pass\u00e9 la journ\u00e9e \u00e0 poser des actes forts. Le Pr\u00e9sident de la Transition s&rsquo;est rendu au CHU Bocar Sidi Sall de Kati, o\u00f9 il a visit\u00e9 les bless\u00e9s civils et militaires, adress\u00e9 ses encouragements au personnel soignant et souhait\u00e9 un prompt r\u00e9tablissement aux victimes.<\/p>\n\n\n\n<p>Le Chef supr\u00eame des Arm\u00e9es s&rsquo;est ensuite rendu au domicile du G\u00e9n\u00e9ral Sadio Camara, d\u00e9c\u00e9d\u00e9 le 25 avril, pour pr\u00e9senter ses condol\u00e9ances \u00e0 la famille, tout en r\u00e9affirmant la d\u00e9termination des autorit\u00e9s \u00e0 poursuivre son combat pour la s\u00e9curisation du territoire national.<\/p>\n\n\n\n<p>En d\u00e9but de journ\u00e9e, au palais de Koulouba, le pr\u00e9sident malien avait \u00e9galement re\u00e7u l&rsquo;ambassadeur de la F\u00e9d\u00e9ration de Russie, Igor Gromyko. Les discussions ont port\u00e9 sur la situation s\u00e9curitaire et le renforcement du partenariat entre Bamako et Moscou dans la lutte contre le terrorisme.<\/p>\n\n\n\n<hr class=\"wp-block-separator has-alpha-channel-opacity\"\/>\n\n\n\n<h2 class=\"wp-block-heading\">Pourquoi ce discours compte pour chaque Malien<\/h2>\n\n\n\n<p>Le Mali venait de vivre trois jours d&rsquo;angoisse. Des familles sans nouvelles de leurs proches. Des villes sous tension. Un ministre de la D\u00e9fense tu\u00e9. Un chef de l&rsquo;\u00c9tat invisible. Dans ce contexte, la parole pr\u00e9sidentielle avait une valeur bien au-del\u00e0 du politique. Elle \u00e9tait un signal de vie, de r\u00e9sistance et d&rsquo;espoir.<\/p>\n\n\n\n<p>En disant que <strong>\u00ab\u00a0le plan funeste de l&rsquo;ennemi a \u00e9t\u00e9 d\u00e9jou\u00e9\u00a0\u00bb<\/strong>, Go\u00efta n&rsquo;a pas seulement fait un bilan militaire. Il a envoy\u00e9 un message \u00e0 chaque Malien, \u00e0 Bamako comme \u00e0 Kidal, \u00e0 Gao comme \u00e0 Mopti : <strong>le Mali est debout. Le Mali r\u00e9siste. Le Mali continuera.<\/strong><\/p>\n\n\n\n<hr class=\"wp-block-separator has-alpha-channel-opacity\"\/>\n\n\n\n<h2 class=\"wp-block-heading\">Le Mali a parl\u00e9 \u2014 l&rsquo;histoire retiendra le 28 avril<\/h2>\n\n\n\n<p>Le 25 avril 2026 restera comme le jour o\u00f9 le Mali a failli basculer. Le 28 avril sera peut-\u00eatre celui o\u00f9 il a d\u00e9cid\u00e9 de se relever. Assimi Go\u00efta a bris\u00e9 le silence, rendu hommage aux martyrs, serr\u00e9 les mains des bless\u00e9s et regard\u00e9 son peuple dans les yeux. Qu&rsquo;on soutienne ou non la junte, ce soir, c&rsquo;est tout un pays qui attendait ces mots. Il les a eus. La suite appartient \u00e0 l&rsquo;Histoire.<\/p>\n\n\n\n<hr class=\"wp-block-separator has-alpha-channel-opacity\"\/>\n\n\n\n<h2 class=\"wp-block-heading\">FAQ \u2014 Ce que les Maliens veulent savoir<\/h2>\n\n\n\n<h3 class=\"wp-block-heading\">Qu&rsquo;a dit Go\u00efta dans son discours du 28 avril 2026 ?<\/h3>\n\n\n\n<p>Go\u00efta a d\u00e9clar\u00e9 que le \u00ab\u00a0violent coup d&rsquo;arr\u00eat a \u00e9t\u00e9 donn\u00e9 aux assaillants\u00a0\u00bb, que le \u00ab\u00a0plan funeste de l&rsquo;ennemi a \u00e9t\u00e9 d\u00e9jou\u00e9\u00a0\u00bb et que \u00ab\u00a0la situation est ma\u00eetris\u00e9e\u00a0\u00bb. Il a rendu hommage aux victimes et appel\u00e9 \u00e0 l&rsquo;unit\u00e9 nationale autour du projet Mali Kura.<\/p>\n\n\n\n<h3 class=\"wp-block-heading\">O\u00f9 Go\u00efta s&rsquo;est-il exprim\u00e9 ?<\/h3>\n\n\n\n<p>Le Pr\u00e9sident de la Transition a diffus\u00e9 son adresse \u00e0 la Nation ce <strong>mardi 28 avril 2026 \u00e0 20h sur l&rsquo;ORTM<\/strong>, la cha\u00eene nationale malienne, trois jours apr\u00e8s les attaques du 25 avril.<\/p>\n\n\n\n<h3 class=\"wp-block-heading\">Go\u00efta a-t-il rendu hommage aux victimes ?<\/h3>\n\n\n\n<p>Oui. Avant son discours, il s&rsquo;est rendu au <strong>CHU Bocar Sidi Sall de Kati<\/strong> pour visiter les bless\u00e9s, puis au domicile du g\u00e9n\u00e9ral <strong>Sadio Camara<\/strong> pour pr\u00e9senter ses condol\u00e9ances \u00e0 la famille du ministre de la D\u00e9fense assassin\u00e9.<\/p>\n\n\n\n<h3 class=\"wp-block-heading\">La situation est-elle vraiment ma\u00eetris\u00e9e au Mali ?<\/h3>\n\n\n\n<p>Selon les d\u00e9clarations officielles de Go\u00efta, oui. Bamako et Kati sont sous contr\u00f4le des forces gouvernementales. Des combats se poursuivent toutefois dans certaines zones du nord et du centre du pays. Livoiroi continue de suivre la situation en temps r\u00e9el.<\/p>\n\n\n\n<h3 class=\"wp-block-heading\">Qu&rsquo;est-ce que le Mali Kura \u00e9voqu\u00e9 par Go\u00efta ?<\/h3>\n\n\n\n<p><strong>Mali Kura<\/strong> signifie \u00ab\u00a0Nouveau Mali\u00a0\u00bb en bambara. C&rsquo;est le projet de soci\u00e9t\u00e9 et la vision prospective du gouvernement de transition, visant \u00e0 b\u00e2tir un Mali souverain, s\u00e9curis\u00e9, uni et prosp\u00e8re \u00e0 l&rsquo;horizon 2063.<\/p>\n\n\n\n<hr class=\"wp-block-separator has-alpha-channel-opacity\"\/>\n\n\n\n<p><em>\ud83d\udccc <strong>Note de transparence :<\/strong> Cet article s&rsquo;appuie sur des sources ind\u00e9pendantes : <a href=\"https:\/\/www.jeuneafrique.com\" target=\"_blank\" rel=\"noreferrer noopener\">Jeune Afrique<\/a>, <a href=\"https:\/\/bamada.net\" target=\"_blank\" rel=\"noreferrer noopener\">Bamada.net<\/a>, <a href=\"https:\/\/mali24.info\" target=\"_blank\" rel=\"noreferrer noopener\">Mali24<\/a>, <a href=\"https:\/\/www.guinee7.com\" target=\"_blank\" rel=\"noreferrer noopener\">Guinee7<\/a>, <a href=\"https:\/\/www.rfi.fr\" target=\"_blank\" rel=\"noreferrer noopener\">RFI<\/a>. Conform\u00e9ment \u00e0 la charte \u00e9ditoriale de <a href=\"https:\/\/ivoiroi.com\" target=\"_blank\" rel=\"noreferrer noopener\">Livoiroi<\/a>. Derni\u00e8re mise \u00e0 jour : 28 avril 2026.<\/em><\/p>\n\n\n\n<p><\/p>\n","protected":false},"excerpt":{"rendered":"<p>\ud83d\udd34 BREAKING : Go\u00efta s&rsquo;est adress\u00e9 \u00e0 la Nation ce soir sur l&rsquo;ORTM \u2014 \u00ab\u00a0Le plan funeste de l&rsquo;ennemi a<\/p>\n","protected":false},"author":1,"featured_media":986,"comment_status":"closed","ping_status":"open","sticky":false,"template":"","format":"standard","meta":{"colormag_page_container_layout":"default_layout","colormag_page_sidebar_layout":"default_layout","footnotes":""},"categories":[19],"tags":[],"class_list":["post-984","post","type-post","status-publish","format-standard","has-post-thumbnail","hentry","category-international"],"magazineBlocksPostFeaturedMedia":{"thumbnail":"https:\/\/ivoiroi.com\/wp-content\/uploads\/2026\/04\/IMG_3401-150x150.jpeg","medium":"https:\/\/ivoiroi.com\/wp-content\/uploads\/2026\/04\/IMG_3401-300x200.jpeg","medium_large":"https:\/\/ivoiroi.com\/wp-content\/uploads\/2026\/04\/IMG_3401-768x512.jpeg","large":"https:\/\/ivoiroi.com\/wp-content\/uploads\/2026\/04\/IMG_3401-1024x683.jpeg","1536x1536":"https:\/\/ivoiroi.com\/wp-content\/uploads\/2026\/04\/IMG_3401-1536x1025.jpeg","2048x2048":"https:\/\/ivoiroi.com\/wp-content\/uploads\/2026\/04\/IMG_3401.jpeg","colormag-highlighted-post":"https:\/\/ivoiroi.com\/wp-content\/uploads\/2026\/04\/IMG_3401-392x272.jpeg","colormag-featured-post-medium":"https:\/\/ivoiroi.com\/wp-content\/uploads\/2026\/04\/IMG_3401-390x205.jpeg","colormag-featured-post-small":"https:\/\/ivoiroi.com\/wp-content\/uploads\/2026\/04\/IMG_3401-130x90.jpeg","colormag-featured-image":"https:\/\/ivoiroi.com\/wp-content\/uploads\/2026\/04\/IMG_3401-800x445.jpeg","colormag-default-news":"https:\/\/ivoiroi.com\/wp-content\/uploads\/2026\/04\/IMG_3401-150x150.jpeg","colormag-featured-image-large":"https:\/\/ivoiroi.com\/wp-content\/uploads\/2026\/04\/IMG_3401-1400x600.jpeg"},"magazineBlocksPostAuthor":{"name":"rdouele","avatar":"https:\/\/secure.gravatar.com\/avatar\/83b83ed3417eeba1389d4503db5ff4fcc4ab98b635bc11213e521a303fef9f0e?s=96&d=mm&r=g"},"magazineBlocksPostCommentsNumber":false,"magazineBlocksPostExcerpt":"\ud83d\udd34 BREAKING : Go\u00efta s&rsquo;est adress\u00e9 \u00e0 la Nation ce soir sur l&rsquo;ORTM \u2014 \u00ab\u00a0Le plan funeste de l&rsquo;ennemi a","magazineBlocksPostCategories":["International"],"magazineBlocksPostViewCount":24,"magazineBlocksPostReadTime":6,"magazine_blocks_featured_image_url":{"full":["https:\/\/ivoiroi.com\/wp-content\/uploads\/2026\/04\/IMG_3401.jpeg",1800,1201,false],"medium":["https:\/\/ivoiroi.com\/wp-content\/uploads\/2026\/04\/IMG_3401-300x200.jpeg",300,200,true],"thumbnail":["https:\/\/ivoiroi.com\/wp-content\/uploads\/2026\/04\/IMG_3401-150x150.jpeg",150,150,true]},"magazine_blocks_author":{"display_name":"rdouele","author_link":"https:\/\/ivoiroi.com\/index.php\/author\/rdouele\/"},"magazine_blocks_comment":0,"magazine_blocks_author_image":"https:\/\/secure.gravatar.com\/avatar\/83b83ed3417eeba1389d4503db5ff4fcc4ab98b635bc11213e521a303fef9f0e?s=96&d=mm&r=g","magazine_blocks_category":"<a href=\"#\" class=\"category-link category-link-19\">International<\/a>","_links":{"self":[{"href":"https:\/\/ivoiroi.com\/index.php\/wp-json\/wp\/v2\/posts\/984","targetHints":{"allow":["GET"]}}],"collection":[{"href":"https:\/\/ivoiroi.com\/index.php\/wp-json\/wp\/v2\/posts"}],"about":[{"href":"https:\/\/ivoiroi.com\/index.php\/wp-json\/wp\/v2\/types\/post"}],"author":[{"embeddable":true,"href":"https:\/\/ivoiroi.com\/index.php\/wp-json\/wp\/v2\/users\/1"}],"replies":[{"embeddable":true,"href":"https:\/\/ivoiroi.com\/index.php\/wp-json\/wp\/v2\/comments?post=984"}],"version-history":[{"count":3,"href":"https:\/\/ivoiroi.com\/index.php\/wp-json\/wp\/v2\/posts\/984\/revisions"}],"predecessor-version":[{"id":990,"href":"https:\/\/ivoiroi.com\/index.php\/wp-json\/wp\/v2\/posts\/984\/revisions\/990"}],"wp:featuredmedia":[{"embeddable":true,"href":"https:\/\/ivoiroi.com\/index.php\/wp-json\/wp\/v2\/media\/986"}],"wp:attachment":[{"href":"https:\/\/ivoiroi.com\/index.php\/wp-json\/wp\/v2\/media?parent=984"}],"wp:term":[{"taxonomy":"category","embeddable":true,"href":"https:\/\/ivoiroi.com\/index.php\/wp-json\/wp\/v2\/categories?post=984"},{"taxonomy":"post_tag","embeddable":true,"href":"https:\/\/ivoiroi.com\/index.php\/wp-json\/wp\/v2\/tags?post=984"}],"curies":[{"name":"wp","href":"https:\/\/api.w.org\/{rel}","templated":true}]}}