{"id":973,"date":"2026-04-28T16:56:35","date_gmt":"2026-04-28T14:56:35","guid":{"rendered":"https:\/\/ivoiroi.com\/?p=973"},"modified":"2026-05-01T14:57:42","modified_gmt":"2026-05-01T12:57:42","slug":"mali-attaques-coordonnees-avril-2026","status":"publish","type":"post","link":"https:\/\/ivoiroi.com\/index.php\/2026\/04\/28\/mali-attaques-coordonnees-avril-2026\/","title":{"rendered":"Afrique\u00b7S\u00e9curit\u00e9 |MALI, qu\u2019est ce qui ce cache r\u00e9ellement derri\u00e8re l\u2019attaque du 25 avril 2026 ?"},"content":{"rendered":"\n<p><\/p>\n\n\n\n<p>\ud83d\udd04 <strong>MISE \u00c0 JOUR 28 avril :<\/strong> Assimi Go\u00efta toujours absent de la sc\u00e8ne publique trois jours apr\u00e8s les attaques. Deuil national de deux jours d\u00e9cr\u00e9t\u00e9. L&rsquo;Africa Corps en retrait vers Tessalit. Nouveaux d\u00e9tails sur l&rsquo;attentat contre Sadio Camara.<\/p>\n\n\n\n<hr class=\"wp-block-separator has-alpha-channel-opacity\"\/>\n\n\n\n<p><strong>Dans la nuit du 24 au 25 avril 2026, le Front de lib\u00e9ration de l&rsquo;Azawad (FLA) et le groupe jihadiste GSIM ont lanc\u00e9 des offensives simultan\u00e9es contre Bamako, Kati, Gao, Kidal, Mopti et S\u00e9var\u00e9. Le chef de la junte Assimi Go\u00efta a \u00e9t\u00e9 \u00e9vacu\u00e9. Le ministre de la D\u00e9fense, le g\u00e9n\u00e9ral Sadio Camara, est d\u00e9c\u00e9d\u00e9 dans l&rsquo;attentat contre sa r\u00e9sidence. C&rsquo;est l&rsquo;une des crises s\u00e9curitaires les plus graves que le Mali ait connues depuis 2012.<\/strong><\/p>\n\n\n\n<hr class=\"wp-block-separator has-alpha-channel-opacity\"\/>\n\n\n\n<p>Vers 5h20 le samedi 25 avril 2026, des explosions et des tirs nourris ont retenti \u00e0 proximit\u00e9 de <strong>Kati<\/strong>, la principale base militaire malienne \u00e0 la p\u00e9riph\u00e9rie de Bamako. En quelques heures, des affrontements \u00e9taient signal\u00e9s simultan\u00e9ment dans six villes du pays. Le Mali fait face \u00e0 l&rsquo;une des offensives les plus coordonn\u00e9es de son histoire r\u00e9cente.<\/p>\n\n\n\n<hr class=\"wp-block-separator has-alpha-channel-opacity\"\/>\n\n\n\n<h2 class=\"wp-block-heading\">Qui est derri\u00e8re les attaques au Mali du 25 avril 2026 ?<\/h2>\n\n\n\n<p>Deux groupes arm\u00e9s ont revendiqu\u00e9 conjointement l&rsquo;op\u00e9ration : le <strong>Groupe de soutien \u00e0 l&rsquo;islam et aux musulmans (GSIM)<\/strong>, affili\u00e9 \u00e0 Al-Qa\u00efda au Maghreb islamique, et le <strong>Front de lib\u00e9ration de l&rsquo;Azawad (FLA)<\/strong>, mouvement ind\u00e9pendantiste touareg actif dans le nord du Mali. Dans un communiqu\u00e9 officiel, le GSIM a confirm\u00e9 sa participation et list\u00e9 ses cibles : la r\u00e9sidence du pr\u00e9sident Go\u00efta, celle du ministre de la D\u00e9fense, la base militaire de Kati et plusieurs villes strat\u00e9giques. C&rsquo;est la premi\u00e8re fois que les deux organisations reconnaissent publiquement une <strong>coordination militaire<\/strong> entre elles.<\/p>\n\n\n\n<hr class=\"wp-block-separator has-alpha-channel-opacity\"\/>\n\n\n\n<h2 class=\"wp-block-heading\">Chronologie des attaques au Mali \u2014 25 et 26 avril 2026<\/h2>\n\n\n\n<ul class=\"wp-block-list\">\n<li><strong>~5h20 \u2014 25 avril 2026 :<\/strong> Premi\u00e8res explosions et tirs \u00e0 Kati. Des affrontements \u00e9clatent simultan\u00e9ment \u00e0 Gao, S\u00e9var\u00e9, Kidal et Mopti.<\/li>\n\n\n\n<li><strong>Matin :<\/strong> L&rsquo;\u00e9tat-major malien annonce des combats contre des \u00ab\u00a0groupes arm\u00e9s terroristes non identifi\u00e9s\u00a0\u00bb. Un couvre-feu est instaur\u00e9 \u00e0 Bamako de 21h \u00e0 6h.<\/li>\n\n\n\n<li><strong>11h00 :<\/strong> L&rsquo;arm\u00e9e malienne d\u00e9clare la situation \u00ab\u00a0sous contr\u00f4le\u00a0\u00bb \u00e0 Bamako et Kati, tout en poursuivant les op\u00e9rations de ratissage.<\/li>\n\n\n\n<li><strong>Apr\u00e8s-midi :<\/strong> Des combats se poursuivent \u00e0 Mopti \u00e0 17h00 selon <a href=\"https:\/\/www.rfi.fr\" target=\"_blank\" rel=\"noreferrer noopener\">RFI<\/a>. Kidal passe enti\u00e8rement sous contr\u00f4le de la FLA.<\/li>\n\n\n\n<li><strong>Soir :<\/strong> Le gouvernement confirme officiellement le d\u00e9c\u00e8s du ministre de la D\u00e9fense, le g\u00e9n\u00e9ral <strong>Sadio Camara<\/strong>, tu\u00e9 avec sa famille dans l&rsquo;attentat contre sa r\u00e9sidence \u00e0 Kati.<\/li>\n\n\n\n<li><strong>26 avril 2026 :<\/strong> La FLA annonce le retrait des forces russes de l&rsquo;Africa Corps de Kidal. Un couvre-feu d&rsquo;un mois est impos\u00e9 dans la r\u00e9gion de Mopti.<\/li>\n<\/ul>\n\n\n\n<hr class=\"wp-block-separator has-alpha-channel-opacity\"\/>\n\n\n\n<h2 class=\"wp-block-heading\">Situation sur le terrain : Bamako tient, Kidal tombe<\/h2>\n\n\n\n<p>\u00c0 la fin du 25 avril 2026, les forces maliennes avaient maintenu le contr\u00f4le de <strong>Bamako<\/strong> et de <strong>Kati<\/strong>, bien que <a href=\"https:\/\/www.rfi.fr\" target=\"_blank\" rel=\"noreferrer noopener\">RFI<\/a> ait pr\u00e9cis\u00e9 que la situation restait fragile. La ville de <strong>Kidal<\/strong>, dans le nord-est du pays, \u00e9tait enti\u00e8rement sous contr\u00f4le de la FLA. \u00c0 Gao, Mopti et S\u00e9var\u00e9, le contr\u00f4le restait partag\u00e9 entre jihadistes et forces gouvernementales.<\/p>\n\n\n\n<p>Le chef de la junte malienne, <strong>Assimi Go\u00efta<\/strong>, a \u00e9t\u00e9 \u00e9vacu\u00e9 vers un camp militaire s\u00e9curis\u00e9. Le chef du renseignement, <strong>Modibo Kon\u00e9<\/strong>, et le chef d&rsquo;\u00e9tat-major, <strong>Oumar Diarra<\/strong>, ont \u00e9t\u00e9 bless\u00e9s dans les combats \u00e0 Kati.<\/p>\n\n\n\n<hr class=\"wp-block-separator has-alpha-channel-opacity\"\/>\n\n\n\n<h2 class=\"wp-block-heading\">Le r\u00f4le de l&rsquo;Africa Corps (forces russes) au Mali<\/h2>\n\n\n\n<p>Des t\u00e9moins ont signal\u00e9 la pr\u00e9sence de combattants de l&rsquo;<strong>Africa Corps<\/strong> \u2014 d\u00e9signation publique des forces russes d\u00e9ploy\u00e9es en Afrique subsaharienne \u2014 pr\u00e8s de l&rsquo;a\u00e9roport international Modibo Ke\u00efta \u00e0 Bamako, avec trois h\u00e9licopt\u00e8res en patrouille lors des premi\u00e8res heures des combats. L&rsquo;Africa Corps a publi\u00e9 un communiqu\u00e9 affirmant avoir repouss\u00e9 l&rsquo;ensemble des attaques et \u00ab\u00a0\u00e9vit\u00e9 un sc\u00e9nario \u00e0 la syrienne\u00a0\u00bb.<\/p>\n\n\n\n<blockquote class=\"wp-block-quote is-layout-flow wp-block-quote-is-layout-flow\">\n<p>\u26a0\ufe0f <strong>Information non v\u00e9rifi\u00e9e de source bellig\u00e9rante :<\/strong> L&rsquo;Africa Corps annonce plus de 1 000 combattants ennemis neutralis\u00e9s et plus de 100 v\u00e9hicules d\u00e9truits. Ces chiffres n&rsquo;ont \u00e9t\u00e9 confirm\u00e9s par <strong>aucune source ind\u00e9pendante<\/strong>. Les accusations contre des \u00ab\u00a0mercenaires ukrainiens\u00a0\u00bb et des \u00ab\u00a0services de renseignement occidentaux\u00a0\u00bb ne sont \u00e0 ce jour \u00e9tay\u00e9es par aucun \u00e9l\u00e9ment v\u00e9rifiable.<\/p>\n<\/blockquote>\n\n\n\n<hr class=\"wp-block-separator has-alpha-channel-opacity\"\/>\n\n\n\n<h2 class=\"wp-block-heading\">Pourquoi ces attaques maintenant ?<\/h2>\n\n\n\n<p>Ces attaques s&rsquo;inscrivent dans un conflit malien qui dure depuis 2012. Depuis le 3 septembre 2025, Bamako subissait un embargo sur le carburant et les vivres impos\u00e9 par le GSIM, bloquant plusieurs axes routiers strat\u00e9giques du pays. L&rsquo;offensive du 25 avril 2026 repr\u00e9sente une escalade majeure, avec une coordination in\u00e9dite entre jihadistes et ind\u00e9pendantistes touaregs, deux camps historiquement rivaux.<\/p>\n\n\n\n<hr class=\"wp-block-separator has-alpha-channel-opacity\"\/>\n\n\n\n<h2 class=\"wp-block-heading\">\ud83d\udd04 Derniers d\u00e9veloppements \u2014 28 avril 2026<\/h2>\n\n\n\n<ul class=\"wp-block-list\">\n<li><strong>Go\u00efta toujours silencieux :<\/strong> Trois jours apr\u00e8s les attaques, le chef de la junte <strong>Assimi Go\u00efta<\/strong> n&rsquo;est toujours pas r\u00e9apparu publiquement. Son silence prolong\u00e9 alimente les interrogations sur la stabilit\u00e9 du r\u00e9gime de transition.<\/li>\n\n\n\n<li><strong>Deuil national :<\/strong> Le gouvernement malien a d\u00e9cr\u00e9t\u00e9 deux jours de deuil national en hommage au g\u00e9n\u00e9ral <strong>Sadio Camara<\/strong> et \u00e0 toutes les victimes civiles et militaires des attaques.<\/li>\n\n\n\n<li><strong>D\u00e9tails sur l&rsquo;attentat contre Sadio Camara :<\/strong> Selon plusieurs sources s\u00e9curitaires concordantes, l&rsquo;assaut contre la r\u00e9sidence du ministre de la D\u00e9fense \u00e0 Kati aurait \u00e9t\u00e9 men\u00e9 par un kamikaze au volant d&rsquo;un v\u00e9hicule pi\u00e9g\u00e9. La d\u00e9flagration, particuli\u00e8rement puissante, a enti\u00e8rement d\u00e9truit la r\u00e9sidence. Sadio Camara \u00e9tait le principal architecte de la strat\u00e9gie militaire malienne et co-auteur du putsch de 2020 qui avait port\u00e9 la junte au pouvoir.<\/li>\n\n\n\n<li><strong>Retrait de l&rsquo;Africa Corps :<\/strong> Les forces russes de l&rsquo;Africa Corps, assi\u00e9g\u00e9es \u00e0 Kidal avec des soldats maliens depuis le 25 avril, ont entam\u00e9 un retrait vers <strong>Tessalit<\/strong>, au nord du pays, selon des sources proches du dossier.<\/li>\n\n\n\n<li><strong>\u00c9tat islamique entre en action :<\/strong> En plus du GSIM et du FLA, des sources indiquent que des \u00e9l\u00e9ments affili\u00e9s \u00e0 l&rsquo;<strong>\u00c9tat islamique au Grand Sahara (EIGS)<\/strong> ont profit\u00e9 du chaos pour mener des actions dans certaines zones du centre du Mali.<\/li>\n\n\n\n<li><strong>R\u00e9action internationale :<\/strong> La <strong>CEDEAO<\/strong> (Communaut\u00e9 \u00e9conomique des \u00c9tats de l&rsquo;Afrique de l&rsquo;Ouest) a condamn\u00e9 les attaques et appel\u00e9 \u00e0 une mobilisation coordonn\u00e9e contre le terrorisme dans la r\u00e9gion.<\/li>\n<\/ul>\n\n\n\n<hr class=\"wp-block-separator has-alpha-channel-opacity\"\/>\n\n\n\n<h2 class=\"wp-block-heading\">Ce qu&rsquo;il faut retenir des attaques au Mali d&rsquo;avril 2026<\/h2>\n\n\n\n<p>Le Mali traverse une crise s\u00e9curitaire sans pr\u00e9c\u00e9dent depuis le d\u00e9but de la guerre civile. La mort du ministre de la D\u00e9fense <strong>Sadio Camara<\/strong>, le silence d&rsquo;Assimi Go\u00efta, le retrait de l&rsquo;Africa Corps de Kidal et la coordination in\u00e9dite entre jihadistes et rebelles touaregs marquent un tournant potentiellement d\u00e9cisif pour l&rsquo;avenir du r\u00e9gime de transition. La situation reste \u00e9volutive. Notre r\u00e9daction continue de suivre les d\u00e9veloppements en temps r\u00e9el.<\/p>\n\n\n\n<hr class=\"wp-block-separator has-alpha-channel-opacity\"\/>\n\n\n\n<h2 class=\"wp-block-heading\">FAQ \u2014 Questions fr\u00e9quentes sur les attaques au Mali du 25 avril 2026<\/h2>\n\n\n\n<h3 class=\"wp-block-heading\">Qui a attaqu\u00e9 le Mali le 25 avril 2026 ?<\/h3>\n\n\n\n<p>Les attaques ont \u00e9t\u00e9 men\u00e9es conjointement par le <strong>GSIM<\/strong> (Groupe de soutien \u00e0 l&rsquo;islam et aux musulmans, affili\u00e9 \u00e0 Al-Qa\u00efda) et le <strong>Front de lib\u00e9ration de l&rsquo;Azawad (FLA)<\/strong>, dans une coordination militaire in\u00e9dite entre les deux groupes.<\/p>\n\n\n\n<h3 class=\"wp-block-heading\">Qui est mort dans les attaques au Mali d&rsquo;avril 2026 ?<\/h3>\n\n\n\n<p>Le <strong>g\u00e9n\u00e9ral Sadio Camara<\/strong>, ministre de la D\u00e9fense du Mali, a \u00e9t\u00e9 tu\u00e9 dans l&rsquo;attentat contre sa r\u00e9sidence \u00e0 Kati, avec sa famille. Le chef du renseignement et le chef d&rsquo;\u00e9tat-major ont \u00e9t\u00e9 bless\u00e9s.<\/p>\n\n\n\n<h3 class=\"wp-block-heading\">Quelle ville est tomb\u00e9e sous contr\u00f4le des rebelles ?<\/h3>\n\n\n\n<p>La ville de <strong>Kidal<\/strong>, dans le nord-est du Mali, est pass\u00e9e enti\u00e8rement sous contr\u00f4le du Front de lib\u00e9ration de l&rsquo;Azawad (FLA) dans la journ\u00e9e du 25 avril 2026.<\/p>\n\n\n\n<h3 class=\"wp-block-heading\">Quel est le r\u00f4le de la Russie dans les \u00e9v\u00e9nements au Mali ?<\/h3>\n\n\n\n<p>L&rsquo;<strong>Africa Corps<\/strong>, nom public des forces militaires russes d\u00e9ploy\u00e9es au Mali, a affirm\u00e9 avoir particip\u00e9 \u00e0 la d\u00e9fense des positions gouvernementales. Ces affirmations n&rsquo;ont pas \u00e9t\u00e9 confirm\u00e9es de mani\u00e8re ind\u00e9pendante.<\/p>\n\n\n\n<h3 class=\"wp-block-heading\">Assimi Go\u00efta a-t-il \u00e9t\u00e9 renvers\u00e9 ?<\/h3>\n\n\n\n<p>Non. Le chef de la junte malienne <strong>Assimi Go\u00efta<\/strong> a \u00e9t\u00e9 \u00e9vacu\u00e9 vers un camp militaire s\u00e9curis\u00e9 mais n&rsquo;a pas \u00e9t\u00e9 renvers\u00e9. Cependant, trois jours apr\u00e8s les attaques, il n&rsquo;est toujours pas r\u00e9apparu publiquement, ce qui soul\u00e8ve des questions sur la solidit\u00e9 du pouvoir de transition.<\/p>\n\n\n\n<h3 class=\"wp-block-heading\">Qu&rsquo;est-il arriv\u00e9 \u00e0 l&rsquo;Africa Corps apr\u00e8s les attaques ?<\/h3>\n\n\n\n<p>Les forces russes de l&rsquo;<strong>Africa Corps<\/strong>, assi\u00e9g\u00e9es \u00e0 Kidal avec les soldats maliens depuis le 25 avril, ont entam\u00e9 un retrait vers <strong>Tessalit<\/strong> dans le nord du Mali. Le 26 avril, la FLA avait officiellement annonc\u00e9 leur retrait de Kidal.<\/p>\n\n\n\n<hr class=\"wp-block-separator has-alpha-channel-opacity\"\/>\n\n\n\n<p><em>\ud83d\udccc <strong>Note de transparence :<\/strong> Cet article s&rsquo;appuie sur des sources ind\u00e9pendantes : <a href=\"https:\/\/www.rfi.fr\" target=\"_blank\" rel=\"noreferrer noopener\">RFI<\/a>, <a href=\"https:\/\/www.lemonde.fr\" target=\"_blank\" rel=\"noreferrer noopener\">Le Monde<\/a>, <a href=\"https:\/\/www.jeuneafrique.com\" target=\"_blank\" rel=\"noreferrer noopener\">Jeune Afrique<\/a>, AFP, La Presse (Canada) et Wikipedia. Le communiqu\u00e9 de l&rsquo;Africa Corps est cit\u00e9 comme source bellig\u00e9rante et clairement identifi\u00e9 comme tel. Toute information non v\u00e9rifi\u00e9e est signal\u00e9e explicitement, conform\u00e9ment \u00e0 notre charte \u00e9ditoriale. Derni\u00e8re mise \u00e0 jour : 28 avril 2026.<\/em><\/p>\n\n\n\n<p><\/p>\n","protected":false},"excerpt":{"rendered":"<p>\ud83d\udd04 MISE \u00c0 JOUR 28 avril : Assimi Go\u00efta toujours absent de la sc\u00e8ne publique trois jours apr\u00e8s les attaques.<\/p>\n","protected":false},"author":1,"featured_media":970,"comment_status":"closed","ping_status":"open","sticky":false,"template":"","format":"standard","meta":{"colormag_page_container_layout":"default_layout","colormag_page_sidebar_layout":"default_layout","footnotes":""},"categories":[18],"tags":[],"class_list":["post-973","post","type-post","status-publish","format-standard","has-post-thumbnail","hentry","category-politique"],"magazineBlocksPostFeaturedMedia":{"thumbnail":"https:\/\/ivoiroi.com\/wp-content\/uploads\/2026\/04\/IMG_0017-150x150.jpeg","medium":"https:\/\/ivoiroi.com\/wp-content\/uploads\/2026\/04\/IMG_0017-300x199.jpeg","medium_large":"https:\/\/ivoiroi.com\/wp-content\/uploads\/2026\/04\/IMG_0017-768x510.jpeg","large":"https:\/\/ivoiroi.com\/wp-content\/uploads\/2026\/04\/IMG_0017-1024x680.jpeg","1536x1536":"https:\/\/ivoiroi.com\/wp-content\/uploads\/2026\/04\/IMG_0017.jpeg","2048x2048":"https:\/\/ivoiroi.com\/wp-content\/uploads\/2026\/04\/IMG_0017.jpeg","colormag-highlighted-post":"https:\/\/ivoiroi.com\/wp-content\/uploads\/2026\/04\/IMG_0017-392x272.jpeg","colormag-featured-post-medium":"https:\/\/ivoiroi.com\/wp-content\/uploads\/2026\/04\/IMG_0017-390x205.jpeg","colormag-featured-post-small":"https:\/\/ivoiroi.com\/wp-content\/uploads\/2026\/04\/IMG_0017-130x90.jpeg","colormag-featured-image":"https:\/\/ivoiroi.com\/wp-content\/uploads\/2026\/04\/IMG_0017-800x445.jpeg","colormag-default-news":"https:\/\/ivoiroi.com\/wp-content\/uploads\/2026\/04\/IMG_0017-150x150.jpeg","colormag-featured-image-large":"https:\/\/ivoiroi.com\/wp-content\/uploads\/2026\/04\/IMG_0017-1160x600.jpeg"},"magazineBlocksPostAuthor":{"name":"rdouele","avatar":"https:\/\/secure.gravatar.com\/avatar\/83b83ed3417eeba1389d4503db5ff4fcc4ab98b635bc11213e521a303fef9f0e?s=96&d=mm&r=g"},"magazineBlocksPostCommentsNumber":false,"magazineBlocksPostExcerpt":"\ud83d\udd04 MISE \u00c0 JOUR 28 avril : Assimi Go\u00efta toujours absent de la sc\u00e8ne publique trois jours apr\u00e8s les attaques.","magazineBlocksPostCategories":["Politique"],"magazineBlocksPostViewCount":13,"magazineBlocksPostReadTime":8,"magazine_blocks_featured_image_url":{"full":["https:\/\/ivoiroi.com\/wp-content\/uploads\/2026\/04\/IMG_0017.jpeg",1160,770,false],"medium":["https:\/\/ivoiroi.com\/wp-content\/uploads\/2026\/04\/IMG_0017-300x199.jpeg",300,199,true],"thumbnail":["https:\/\/ivoiroi.com\/wp-content\/uploads\/2026\/04\/IMG_0017-150x150.jpeg",150,150,true]},"magazine_blocks_author":{"display_name":"rdouele","author_link":"https:\/\/ivoiroi.com\/index.php\/author\/rdouele\/"},"magazine_blocks_comment":0,"magazine_blocks_author_image":"https:\/\/secure.gravatar.com\/avatar\/83b83ed3417eeba1389d4503db5ff4fcc4ab98b635bc11213e521a303fef9f0e?s=96&d=mm&r=g","magazine_blocks_category":"<a href=\"#\" class=\"category-link category-link-18\">Politique<\/a>","_links":{"self":[{"href":"https:\/\/ivoiroi.com\/index.php\/wp-json\/wp\/v2\/posts\/973","targetHints":{"allow":["GET"]}}],"collection":[{"href":"https:\/\/ivoiroi.com\/index.php\/wp-json\/wp\/v2\/posts"}],"about":[{"href":"https:\/\/ivoiroi.com\/index.php\/wp-json\/wp\/v2\/types\/post"}],"author":[{"embeddable":true,"href":"https:\/\/ivoiroi.com\/index.php\/wp-json\/wp\/v2\/users\/1"}],"replies":[{"embeddable":true,"href":"https:\/\/ivoiroi.com\/index.php\/wp-json\/wp\/v2\/comments?post=973"}],"version-history":[{"count":4,"href":"https:\/\/ivoiroi.com\/index.php\/wp-json\/wp\/v2\/posts\/973\/revisions"}],"predecessor-version":[{"id":981,"href":"https:\/\/ivoiroi.com\/index.php\/wp-json\/wp\/v2\/posts\/973\/revisions\/981"}],"wp:featuredmedia":[{"embeddable":true,"href":"https:\/\/ivoiroi.com\/index.php\/wp-json\/wp\/v2\/media\/970"}],"wp:attachment":[{"href":"https:\/\/ivoiroi.com\/index.php\/wp-json\/wp\/v2\/media?parent=973"}],"wp:term":[{"taxonomy":"category","embeddable":true,"href":"https:\/\/ivoiroi.com\/index.php\/wp-json\/wp\/v2\/categories?post=973"},{"taxonomy":"post_tag","embeddable":true,"href":"https:\/\/ivoiroi.com\/index.php\/wp-json\/wp\/v2\/tags?post=973"}],"curies":[{"name":"wp","href":"https:\/\/api.w.org\/{rel}","templated":true}]}}