{"id":1084,"date":"2026-05-03T14:54:18","date_gmt":"2026-05-03T12:54:18","guid":{"rendered":"https:\/\/ivoiroi.com\/?p=1084"},"modified":"2026-05-03T15:04:57","modified_gmt":"2026-05-03T13:04:57","slug":"affi-nguessan-fpi-opposition-2030-decryptage-mai-2026","status":"publish","type":"post","link":"https:\/\/ivoiroi.com\/index.php\/2026\/05\/03\/affi-nguessan-fpi-opposition-2030-decryptage-mai-2026\/","title":{"rendered":"\ud83c\udde8\ud83c\uddee Politique \u00b7 C\u00f4te d&rsquo;Ivoire | Six mois apr\u00e8s la d\u00e9faite, Affi N&rsquo;Guessan revient \u2014 mais l&rsquo;opposition ivoirienne sait-elle encore o\u00f9 elle va ?"},"content":{"rendered":"\n<hr class=\"wp-block-separator has-alpha-channel-opacity\"\/>\n\n\n\n<p><strong>73 ans. Trois candidatures perdues. Une d\u00e9faite \u00e0 91% face \u00e0 Ouattara en octobre 2025. Et pourtant, ce 11 avril 2026, Pascal Affi N&rsquo;Guessan a relanc\u00e9 son parti, le Front Populaire Ivoirien (FPI), pour une nouvelle bataille politique. La question que tout le monde murmure mais que personne n&rsquo;ose poser franchement : l&rsquo;opposition ivoirienne a-t-elle encore un avenir avec ses vieux chefs ? Et surtout \u2014 qui m\u00e8nera vraiment la bataille de 2030 ? Livoiroi d\u00e9crypte un \u00e9chiquier politique en pleine recomposition.<\/strong><\/p>\n\n\n\n<hr class=\"wp-block-separator has-alpha-channel-opacity\"\/>\n\n\n\n<h2 class=\"wp-block-heading\">Ce qu&rsquo;Affi N&rsquo;Guessan vient de faire concr\u00e8tement<\/h2>\n\n\n\n<p>Le 11 avril 2026, le FPI a officiellement repris ses activit\u00e9s politiques de l&rsquo;ann\u00e9e. La rentr\u00e9e s&rsquo;est faite par un <strong>s\u00e9minaire de formation des Conseils Politiques R\u00e9gionaux (CPR)<\/strong>, dirig\u00e9 par le Secr\u00e9taire g\u00e9n\u00e9ral Barth\u00e9l\u00e9my Gn\u00e9pa et le Vice-pr\u00e9sident du parti.<\/p>\n\n\n\n<p>Deux th\u00e8mes ont structur\u00e9 ces travaux :<\/p>\n\n\n\n<ul class=\"wp-block-list\">\n<li><strong>\u00ab La gouvernance des conseils politiques r\u00e9gionaux \u00bb<\/strong> \u2014 comment redynamiser les structures locales du FPI<\/li>\n\n\n\n<li><strong>\u00ab Strat\u00e9gie pour gagner une \u00e9lection \u00bb<\/strong> \u2014 formulation explicite : on pr\u00e9pare le futur<\/li>\n<\/ul>\n\n\n\n<p>Le parti \u00e0 la rose est officiellement de retour sur le terrain. Mais derri\u00e8re cette communication tr\u00e8s protocolaire se cache une v\u00e9rit\u00e9 que tous les observateurs politiques ivoiriens connaissent : <strong>le FPI doit choisir, et vite, entre la fid\u00e9lit\u00e9 \u00e0 son patriarche et le renouvellement n\u00e9cessaire \u00e0 sa survie.<\/strong><\/p>\n\n\n\n<hr class=\"wp-block-separator has-alpha-channel-opacity\"\/>\n\n\n\n<h2 class=\"wp-block-heading\">ce que la d\u00e9faite de 2025 a vraiment r\u00e9v\u00e9l\u00e9<\/h2>\n\n\n\n<p>Le 25 octobre 2025, six candidats \u00e9taient en lice contre Alassane Ouattara. Voici les chiffres bruts qui doivent rester en m\u00e9moire :<\/p>\n\n\n\n<ul class=\"wp-block-list\">\n<li><strong>Alassane Ouattara :<\/strong> <strong>91%<\/strong> \u2014 r\u00e9\u00e9lu pour son quatri\u00e8me mandat<\/li>\n\n\n\n<li><strong>Tidjane Thiam (PDCI-RDA) :<\/strong> \u00e9cart\u00e9 \u00e0 la derni\u00e8re minute par contestation de nationalit\u00e9<\/li>\n\n\n\n<li><strong>Simone Gbagbo (MGC) :<\/strong> retour politique sans perc\u00e9e massive<\/li>\n\n\n\n<li><strong>Pascal Affi N&rsquo;Guessan (FPI) :<\/strong> 3e candidature, score symbolique<\/li>\n\n\n\n<li><strong>Jean-Louis Billon (Ind\u00e9pendant) :<\/strong> ancien ministre dissident du RHDP<\/li>\n\n\n\n<li><strong>Vincent Toh Bi Iri\u00e9 (Ind\u00e9pendant) :<\/strong> ancien pr\u00e9fet d&rsquo;Abidjan<\/li>\n\n\n\n<li><strong>Henriette Lagou Adjoua (Ind\u00e9pendante)<\/strong><\/li>\n<\/ul>\n\n\n\n<p><strong>D\u00e9cryptage Livoiroi :<\/strong> 91% pour Ouattara, ce n&rsquo;est pas seulement une victoire \u2014 c&rsquo;est <strong>l&rsquo;effondrement de la culture d&rsquo;opposition en C\u00f4te d&rsquo;Ivoire<\/strong>. Aucun candidat n&rsquo;a r\u00e9ussi \u00e0 d\u00e9passer la barre symbolique des 5%. La question pour 2030 n&rsquo;est plus \u00ab qui va battre le RHDP \u00bb, mais \u00ab qui va incarner une v\u00e9ritable alternative cr\u00e9dible ? \u00bb<\/p>\n\n\n\n<hr class=\"wp-block-separator has-alpha-channel-opacity\"\/>\n\n\n\n<h2 class=\"wp-block-heading\"> trois raisons qui poussent Affi \u00e0 insister<\/h2>\n\n\n\n<p>\u00c0 73 ans, apr\u00e8s trois d\u00e9faites cons\u00e9cutives, beaucoup auraient tir\u00e9 leur r\u00e9v\u00e9rence. Pascal Affi N&rsquo;Guessan, lui, fait l&rsquo;inverse. Pourquoi ? Trois moteurs identifiables :<\/p>\n\n\n\n<ul class=\"wp-block-list\">\n<li><strong>Le legs historique :<\/strong> Affi est l&rsquo;un des derniers cadres du FPI ayant connu Laurent Gbagbo au pouvoir. Il a \u00e9t\u00e9 Premier ministre de 2000 \u00e0 2003. Quitter, c&rsquo;est tourner une page que ses fid\u00e8les ne veulent pas voir referm\u00e9e.<\/li>\n\n\n\n<li><strong>L&rsquo;absence de rel\u00e8ve d\u00e9sign\u00e9e :<\/strong> Au sein du FPI, aucun cadre de la nouvelle g\u00e9n\u00e9ration n&rsquo;a \u00e9t\u00e9 clairement intronis\u00e9 comme successeur. Affi reste, faute de mieux.<\/li>\n\n\n\n<li><strong>La fen\u00eatre 2030 :<\/strong> \u00c0 77 ans en 2030, Affi serait exactement dans la m\u00eame tranche d&rsquo;\u00e2ge qu&rsquo;Ouattara aujourd&rsquo;hui. Pas un atout, mais pas un disqualifiant non plus dans la culture politique ivoirienne.<\/li>\n<\/ul>\n\n\n\n<hr class=\"wp-block-separator has-alpha-channel-opacity\"\/>\n\n\n\n<h2 class=\"wp-block-heading\">la vraie carte de l&rsquo;opposition ivoirienne en mai 2026<\/h2>\n\n\n\n<p>Si Affi se relance, il n&rsquo;est pas seul sur la ligne de d\u00e9part. L&rsquo;opposition ivoirienne ressemble actuellement \u00e0 une mosa\u00efque o\u00f9 chacun tire de son c\u00f4t\u00e9 :<\/p>\n\n\n\n<ul class=\"wp-block-list\">\n<li><strong>Tidjane Thiam (PDCI-RDA) :<\/strong> \u00e9cart\u00e9 de la pr\u00e9sidentielle 2025 sur sa nationalit\u00e9, il pr\u00e9pare un retour en force. Mais sa double nationalit\u00e9 reste une arme entre les mains du pouvoir.<\/li>\n\n\n\n<li><strong>Simone Gbagbo (MGC) :<\/strong> fonde son propre parti, refuse l&rsquo;alliance automatique avec son ex-mari. Une candidature de rupture.<\/li>\n\n\n\n<li><strong>Laurent Gbagbo :<\/strong> figure tut\u00e9laire mais in\u00e9ligible. Joue plut\u00f4t un r\u00f4le de \u00ab\u00a0faiseur de roi\u00a0\u00bb.<\/li>\n\n\n\n<li><strong>Jean-Louis Billon :<\/strong> profil lib\u00e9ral et \u00e9conomiste, s\u00e9duit la diaspora, mais peine \u00e0 mobiliser le terrain.<\/li>\n\n\n\n<li><strong>Assal\u00e9 Ti\u00e9moko (ADCI) :<\/strong> 50 ans, le \u00ab\u00a0candidat hors syst\u00e8me\u00a0\u00bb selon Jeune Afrique, mont\u00e9 en puissance ces derniers mois (voir notre article).<\/li>\n\n\n\n<li><strong>Affi N&rsquo;Guessan (FPI) :<\/strong> le pragmatique historique, vieux routier, mais qui peine \u00e0 incarner la modernit\u00e9.<\/li>\n<\/ul>\n\n\n\n<blockquote class=\"wp-block-quote is-layout-flow wp-block-quote-is-layout-flow\">\n<p>\u26a1 <strong>D\u00e9cryptage Livoiroi :<\/strong> Six pr\u00e9tendants. Aucun candidat unique. Aucun front commun. Pendant ce temps, le RHDP organise m\u00e9thodiquement sa succession entre Patrick Achi et T\u00e9n\u00e9 Birahima Ouattara. Si l&rsquo;opposition ne s&rsquo;organise pas, 2030 ressemblera \u00e0 2025 \u2014 et \u00e0 2020. Une opposition divis\u00e9e perd toujours, partout dans le monde.<\/p>\n<\/blockquote>\n\n\n\n<hr class=\"wp-block-separator has-alpha-channel-opacity\"\/>\n\n\n\n<h2 class=\"wp-block-heading\">le seul sc\u00e9nario qui fait peur au RHDP<\/h2>\n\n\n\n<p>Voici le calcul qu&rsquo;aucun observateur ivoirien s\u00e9rieux n&rsquo;ose afficher publiquement, mais que tous font en priv\u00e9. Si l&rsquo;opposition ivoirienne r\u00e9ussissait, d&rsquo;ici 2030, \u00e0 constituer un <strong>front commun derri\u00e8re un seul candidat<\/strong>, l&rsquo;\u00e9quation politique changerait du tout au tout.<\/p>\n\n\n\n<p>Imaginez par exemple :<\/p>\n\n\n\n<ul class=\"wp-block-list\">\n<li><strong>Un ticket Tidjane Thiam (Pr\u00e9sident) + Simone Gbagbo (vice)<\/strong> \u2014 alliance PDCI + Front populaire historique<\/li>\n\n\n\n<li><strong>Avec le soutien de Laurent Gbagbo en parrain<\/strong> \u2014 l\u00e9gitimit\u00e9 historique<\/li>\n\n\n\n<li><strong>Avec Affi N&rsquo;Guessan en figure de stabilit\u00e9<\/strong> \u2014 cadre du parti<\/li>\n\n\n\n<li><strong>Avec Assal\u00e9 Ti\u00e9moko comme caution jeunesse<\/strong> \u2014 modernit\u00e9 et terrain<\/li>\n<\/ul>\n\n\n\n<p>Un tel front commun, math\u00e9matiquement, pourrait peser <strong>30 \u00e0 40% des voix au premier tour<\/strong>. C&rsquo;est pr\u00e9cis\u00e9ment le sc\u00e9nario que le RHDP veut \u00e9viter \u00e0 tout prix. Et c&rsquo;est aussi pourquoi chaque candidat d&rsquo;opposition est minutieusement isol\u00e9, fragilis\u00e9, ou neutralis\u00e9 par des dossiers judiciaires.<\/p>\n\n\n\n<hr class=\"wp-block-separator has-alpha-channel-opacity\"\/>\n\n\n\n<h2 class=\"wp-block-heading\">la question que personne ne pose \u00e0 Affi N&rsquo;Guessan<\/h2>\n\n\n\n<p>Quand Affi N&rsquo;Guessan relance le FPI ce 11 avril 2026, il envoie un message implicite : <em>\u00ab\u00a0Je suis encore l\u00e0, le parti est en ordre de bataille.\u00a0\u00bb<\/em> Mais la vraie question, celle que ses militants murmurent en off, est ailleurs :<\/p>\n\n\n\n<blockquote class=\"wp-block-quote is-layout-flow wp-block-quote-is-layout-flow\">\n<p><strong>\u00ab\u00a0Pascal, tu vas \u00eatre candidat en 2030 \u2014 ou tu pr\u00e9pares ton successeur ?\u00a0\u00bb<\/strong><\/p>\n<\/blockquote>\n\n\n\n<p>Tant que cette question n&rsquo;aura pas re\u00e7u de r\u00e9ponse claire, le FPI naviguera dans l&rsquo;ambigu\u00eft\u00e9. Et un parti qui ne sait pas s&rsquo;il pr\u00e9pare un sortant \u00e0 se repr\u00e9senter, ou un h\u00e9ritier \u00e0 \u00e9merger, est un parti qui se pr\u00e9pare \u00e0 perdre. <strong>Voil\u00e0 le vrai d\u00e9fi d&rsquo;Affi en 2026.<\/strong><\/p>\n\n\n\n<hr class=\"wp-block-separator has-alpha-channel-opacity\"\/>\n\n\n\n<h2 class=\"wp-block-heading\">L&rsquo;opposition ivoirienne au pied du mur<\/h2>\n\n\n\n<p>Pascal Affi N&rsquo;Guessan a relanc\u00e9 son parti. Tidjane Thiam attend son moment. Simone Gbagbo trace sa propre voie. Assal\u00e9 Ti\u00e9moko monte en puissance. Jean-Louis Billon h\u00e9site. Pendant ce temps, le RHDP construit m\u00e9thodiquement l&rsquo;apr\u00e8s-Ouattara avec Patrick Achi et T\u00e9n\u00e9 Birahima.<\/p>\n\n\n\n<p>L&rsquo;\u00e9quation est simple, brutale, mais limpide : <strong>soit l&rsquo;opposition ivoirienne s&rsquo;organise, soit elle dispara\u00eet politiquement.<\/strong> 2030 sera l&rsquo;\u00e9preuve de v\u00e9rit\u00e9. Le 11 avril 2026, Affi N&rsquo;Guessan a pos\u00e9 la premi\u00e8re pierre du chantier. Reste \u00e0 savoir s&rsquo;il sera le ma\u00eetre d&rsquo;\u0153uvre\u2026 ou simplement le gardien d&rsquo;un \u00e9difice que d&rsquo;autres viendront b\u00e2tir. Livoiroi continuera \u00e0 d\u00e9crypter cette recomposition pour ses lecteurs.<\/p>\n\n\n\n<hr class=\"wp-block-separator has-alpha-channel-opacity\"\/>\n\n\n\n<h2 class=\"wp-block-heading\">FAQ \u2014 Tout savoir sur le retour d&rsquo;Affi N&rsquo;Guessan et l&rsquo;opposition ivoirienne<\/h2>\n\n\n\n<h3 class=\"wp-block-heading\">Quel est le r\u00e9sultat d&rsquo;Affi N&rsquo;Guessan \u00e0 la pr\u00e9sidentielle de 2025 ?<\/h3>\n\n\n\n<p>Pascal Affi N&rsquo;Guessan, candidat du FPI, a particip\u00e9 \u00e0 la pr\u00e9sidentielle du 25 octobre 2025 face \u00e0 Alassane Ouattara, qui a \u00e9t\u00e9 r\u00e9\u00e9lu avec <strong>91% des voix<\/strong>. C&rsquo;\u00e9tait la troisi\u00e8me candidature cons\u00e9cutive d&rsquo;Affi.<\/p>\n\n\n\n<h3 class=\"wp-block-heading\">Affi N&rsquo;Guessan sera-t-il candidat \u00e0 la pr\u00e9sidentielle de 2030 ?<\/h3>\n\n\n\n<p>Aucune annonce officielle n&rsquo;a \u00e9t\u00e9 faite \u00e0 ce jour. Mais la relance du FPI le 11 avril 2026, avec un s\u00e9minaire dont l&rsquo;un des sous-th\u00e8mes est <em>\u00ab Strat\u00e9gie pour gagner une \u00e9lection \u00bb<\/em>, laisse penser que la candidature de 2030 est en pr\u00e9paration.<\/p>\n\n\n\n<h3 class=\"wp-block-heading\">Qui sont les principaux opposants \u00e0 Ouattara en C\u00f4te d&rsquo;Ivoire en 2026 ?<\/h3>\n\n\n\n<p>Les principales figures d&rsquo;opposition sont : <strong>Tidjane Thiam<\/strong> (PDCI-RDA), <strong>Simone Gbagbo<\/strong> (MGC), <strong>Laurent Gbagbo<\/strong> (figure tut\u00e9laire), <strong>Jean-Louis Billon<\/strong> (lib\u00e9ral), <strong>Assal\u00e9 Ti\u00e9moko<\/strong> (ADCI) et <strong>Pascal Affi N&rsquo;Guessan<\/strong> (FPI).<\/p>\n\n\n\n<h3 class=\"wp-block-heading\">Pourquoi Tidjane Thiam n&rsquo;a-t-il pas pu se pr\u00e9senter en 2025 ?<\/h3>\n\n\n\n<p>Sa candidature a \u00e9t\u00e9 contest\u00e9e puis invalid\u00e9e sur la base d&rsquo;une question de double nationalit\u00e9. C&rsquo;est l&rsquo;un des principaux arguments que le PDCI-RDA mobilise pour d\u00e9noncer l&rsquo;instrumentalisation des r\u00e8gles \u00e9lectorales par le pouvoir.<\/p>\n\n\n\n<h3 class=\"wp-block-heading\">L&rsquo;opposition ivoirienne peut-elle gagner la pr\u00e9sidentielle de 2030 ?<\/h3>\n\n\n\n<p>Math\u00e9matiquement, oui \u2014 \u00e0 condition de pr\u00e9senter un <strong>candidat unique<\/strong> soutenu par toutes les forces d&rsquo;opposition. Tant que les candidatures restent dispers\u00e9es, l&rsquo;\u00e9cart avec le RHDP reste insurmontable selon les analystes politiques.<\/p>\n\n\n\n<h3 class=\"wp-block-heading\">Quel r\u00f4le joue encore Laurent Gbagbo dans l&rsquo;opposition ivoirienne ?<\/h3>\n\n\n\n<p>Bien qu&rsquo;in\u00e9ligible, Laurent Gbagbo conserve une <strong>l\u00e9gitimit\u00e9 historique majeure<\/strong> aupr\u00e8s d&rsquo;une partie importante de l&rsquo;\u00e9lectorat ivoirien. Son r\u00f4le est d\u00e9sormais celui d&rsquo;un faiseur de roi : son soutien \u00e0 un candidat de l&rsquo;opposition pourrait peser lourd.<\/p>\n\n\n\n<hr class=\"wp-block-separator has-alpha-channel-opacity\"\/>\n\n\n\n<p><em>\ud83d\udccc <strong>Note de transparence :<\/strong> Cet article s&rsquo;appuie sur des sources v\u00e9rifi\u00e9es : <a href=\"https:\/\/www.france24.com\" target=\"_blank\" rel=\"noreferrer noopener\">France 24<\/a>, <a href=\"https:\/\/www.7info.ci\" target=\"_blank\" rel=\"noreferrer noopener\">7info<\/a>, <a href=\"https:\/\/en.wikipedia.org\/wiki\/2025_Ivorian_presidential_election\" target=\"_blank\" rel=\"noreferrer noopener\">Wikipedia (\u00e9lection 2025)<\/a>, <a href=\"https:\/\/www.jeuneafrique.com\" target=\"_blank\" rel=\"noreferrer noopener\">Jeune Afrique<\/a>. Conform\u00e9ment \u00e0 la charte \u00e9ditoriale de <a href=\"https:\/\/ivoiroi.com\" target=\"_blank\" rel=\"noreferrer noopener\">Livoiroi<\/a>. Publi\u00e9 le 3 mai 2026.<\/em><\/p>\n\n\n\n<p><\/p>\n","protected":false},"excerpt":{"rendered":"<p>73 ans. Trois candidatures perdues. Une d\u00e9faite \u00e0 91% face \u00e0 Ouattara en octobre 2025. Et pourtant, ce 11 avril<\/p>\n","protected":false},"author":1,"featured_media":1085,"comment_status":"closed","ping_status":"open","sticky":false,"template":"","format":"standard","meta":{"colormag_page_container_layout":"default_layout","colormag_page_sidebar_layout":"default_layout","footnotes":""},"categories":[18],"tags":[79],"class_list":["post-1084","post","type-post","status-publish","format-standard","has-post-thumbnail","hentry","category-politique","tag-politique"],"magazineBlocksPostFeaturedMedia":{"thumbnail":"https:\/\/ivoiroi.com\/wp-content\/uploads\/2026\/05\/IMG_0093-150x150.webp","medium":"https:\/\/ivoiroi.com\/wp-content\/uploads\/2026\/05\/IMG_0093-300x200.webp","medium_large":"https:\/\/ivoiroi.com\/wp-content\/uploads\/2026\/05\/IMG_0093.webp","large":"https:\/\/ivoiroi.com\/wp-content\/uploads\/2026\/05\/IMG_0093.webp","1536x1536":"https:\/\/ivoiroi.com\/wp-content\/uploads\/2026\/05\/IMG_0093.webp","2048x2048":"https:\/\/ivoiroi.com\/wp-content\/uploads\/2026\/05\/IMG_0093.webp","colormag-highlighted-post":"https:\/\/ivoiroi.com\/wp-content\/uploads\/2026\/05\/IMG_0093-392x272.webp","colormag-featured-post-medium":"https:\/\/ivoiroi.com\/wp-content\/uploads\/2026\/05\/IMG_0093-390x205.webp","colormag-featured-post-small":"https:\/\/ivoiroi.com\/wp-content\/uploads\/2026\/05\/IMG_0093-130x90.webp","colormag-featured-image":"https:\/\/ivoiroi.com\/wp-content\/uploads\/2026\/05\/IMG_0093-678x445.webp","colormag-default-news":"https:\/\/ivoiroi.com\/wp-content\/uploads\/2026\/05\/IMG_0093-150x150.webp","colormag-featured-image-large":"https:\/\/ivoiroi.com\/wp-content\/uploads\/2026\/05\/IMG_0093.webp"},"magazineBlocksPostAuthor":{"name":"rdouele","avatar":"https:\/\/secure.gravatar.com\/avatar\/83b83ed3417eeba1389d4503db5ff4fcc4ab98b635bc11213e521a303fef9f0e?s=96&d=mm&r=g"},"magazineBlocksPostCommentsNumber":false,"magazineBlocksPostExcerpt":"73 ans. Trois candidatures perdues. Une d\u00e9faite \u00e0 91% face \u00e0 Ouattara en octobre 2025. Et pourtant, ce 11 avril","magazineBlocksPostCategories":["Politique"],"magazineBlocksPostViewCount":7,"magazineBlocksPostReadTime":7,"magazine_blocks_featured_image_url":{"full":["https:\/\/ivoiroi.com\/wp-content\/uploads\/2026\/05\/IMG_0093.webp",678,452,false],"medium":["https:\/\/ivoiroi.com\/wp-content\/uploads\/2026\/05\/IMG_0093-300x200.webp",300,200,true],"thumbnail":["https:\/\/ivoiroi.com\/wp-content\/uploads\/2026\/05\/IMG_0093-150x150.webp",150,150,true]},"magazine_blocks_author":{"display_name":"rdouele","author_link":"https:\/\/ivoiroi.com\/index.php\/author\/rdouele\/"},"magazine_blocks_comment":0,"magazine_blocks_author_image":"https:\/\/secure.gravatar.com\/avatar\/83b83ed3417eeba1389d4503db5ff4fcc4ab98b635bc11213e521a303fef9f0e?s=96&d=mm&r=g","magazine_blocks_category":"<a href=\"#\" class=\"category-link category-link-18\">Politique<\/a>","_links":{"self":[{"href":"https:\/\/ivoiroi.com\/index.php\/wp-json\/wp\/v2\/posts\/1084","targetHints":{"allow":["GET"]}}],"collection":[{"href":"https:\/\/ivoiroi.com\/index.php\/wp-json\/wp\/v2\/posts"}],"about":[{"href":"https:\/\/ivoiroi.com\/index.php\/wp-json\/wp\/v2\/types\/post"}],"author":[{"embeddable":true,"href":"https:\/\/ivoiroi.com\/index.php\/wp-json\/wp\/v2\/users\/1"}],"replies":[{"embeddable":true,"href":"https:\/\/ivoiroi.com\/index.php\/wp-json\/wp\/v2\/comments?post=1084"}],"version-history":[{"count":2,"href":"https:\/\/ivoiroi.com\/index.php\/wp-json\/wp\/v2\/posts\/1084\/revisions"}],"predecessor-version":[{"id":1087,"href":"https:\/\/ivoiroi.com\/index.php\/wp-json\/wp\/v2\/posts\/1084\/revisions\/1087"}],"wp:featuredmedia":[{"embeddable":true,"href":"https:\/\/ivoiroi.com\/index.php\/wp-json\/wp\/v2\/media\/1085"}],"wp:attachment":[{"href":"https:\/\/ivoiroi.com\/index.php\/wp-json\/wp\/v2\/media?parent=1084"}],"wp:term":[{"taxonomy":"category","embeddable":true,"href":"https:\/\/ivoiroi.com\/index.php\/wp-json\/wp\/v2\/categories?post=1084"},{"taxonomy":"post_tag","embeddable":true,"href":"https:\/\/ivoiroi.com\/index.php\/wp-json\/wp\/v2\/tags?post=1084"}],"curies":[{"name":"wp","href":"https:\/\/api.w.org\/{rel}","templated":true}]}}