{"id":1063,"date":"2026-05-02T15:37:56","date_gmt":"2026-05-02T13:37:56","guid":{"rendered":"https:\/\/ivoiroi.com\/?p=1063"},"modified":"2026-05-02T15:39:30","modified_gmt":"2026-05-02T13:39:30","slug":"assale-tiemoko-rentree-politique-adci-tiassale-2-mai-2026-decryptage","status":"publish","type":"post","link":"https:\/\/ivoiroi.com\/index.php\/2026\/05\/02\/assale-tiemoko-rentree-politique-adci-tiassale-2-mai-2026-decryptage\/","title":{"rendered":"\ud83c\udde8\ud83c\uddee Politique \u00b7 C\u00f4te d&rsquo;Ivoire \u2014 Assal\u00e9 Ti\u00e9moko fait sa rentr\u00e9e politique ce samedi 2 mai 2026 \u2014 la mobilisation est massive sur la Place qui porte son nom."},"content":{"rendered":"\n<hr class=\"wp-block-separator has-alpha-channel-opacity\"\/>\n\n\n\n<p><strong>Il avait dit qu&rsquo;il serait l\u00e0. Il y est. Ce samedi 2 mai 2026 d\u00e8s 9 heures, sur la Place Assal\u00e9 Antoine de Tiassal\u00e9, le maire et pr\u00e9sident du mouvement Aujourd&rsquo;hui et Demain, la C\u00f4te d&rsquo;Ivoire (ADCI) fait sa rentr\u00e9e politique. Une rentr\u00e9e qui, deux semaines apr\u00e8s une audition-marathon de 16 heures \u00e0 la Pr\u00e9fecture de police d&rsquo;Abidjan, deux malaises cardiaques et une garde \u00e0 vue lev\u00e9e d&rsquo;urgence, prend des allures de d\u00e9fi politique au pouvoir d&rsquo;Alassane Ouattara. Livoiroi d\u00e9crypte le come-back le plus attendu de la C\u00f4te d&rsquo;Ivoire en 2026.<\/strong><\/p>\n\n\n\n<hr class=\"wp-block-separator has-alpha-channel-opacity\"\/>\n\n\n\n<h2 class=\"wp-block-heading\">Pourquoi cette rentr\u00e9e n&rsquo;est pas comme les autres<\/h2>\n\n\n\n<p>Pour comprendre l&rsquo;importance de ce 2 mai 2026 \u00e0 Tiassal\u00e9, il faut revenir sur les deux semaines qui viennent de s&rsquo;\u00e9couler. Aucun homme politique ivoirien n&rsquo;a v\u00e9cu un mois aussi dense en signaux contradictoires :<\/p>\n\n\n\n<ul class=\"wp-block-list\">\n<li><strong>20 avril 2026 :<\/strong> Assal\u00e9 Ti\u00e9moko re\u00e7oit \u00e0 19h44 une convocation officielle du Procureur de la R\u00e9publique Kon\u00e9 Braman Oumar, sign\u00e9e par le commissaire Coulibaly, le sommant de se pr\u00e9senter au Service des Enqu\u00eates G\u00e9n\u00e9rales d&rsquo;Abidjan.<\/li>\n\n\n\n<li><strong>22 avril 2026 :<\/strong> Il se pr\u00e9sente, accompagn\u00e9 de ses avocats Mes Oumou Sanogo et Christian Adagba. L&rsquo;audition s&rsquo;\u00e9tire de 10h10 jusqu&rsquo;\u00e0 <strong>1h du matin<\/strong> \u2014 soit pr\u00e8s de <strong>16 heures sans interruption<\/strong>. Au cours de l&rsquo;interrogatoire, il est victime de <strong>deux malaises cardiovasculaires<\/strong>.<\/li>\n\n\n\n<li><strong>23 avril 2026 :<\/strong> Il est \u00e9vacu\u00e9 d&rsquo;urgence \u00e0 l&rsquo;<strong>Institut de cardiologie d&rsquo;Abidjan<\/strong>. Une garde \u00e0 vue est d\u00e9cid\u00e9e \u00e0 9h, puis lev\u00e9e \u00e0 17h02 le m\u00eame jour par le Procureur adjoint Abou Ch\u00e9rif, en pr\u00e9sence du personnel m\u00e9dical.<\/li>\n\n\n\n<li><strong>25 avril 2026 :<\/strong> Il quitte l&rsquo;h\u00f4pital apr\u00e8s stabilisation de son \u00e9tat de sant\u00e9.<\/li>\n\n\n\n<li><strong>2 mai 2026 :<\/strong> Sept jours apr\u00e8s sa sortie d&rsquo;h\u00f4pital, il monte sur sc\u00e8ne \u00e0 Tiassal\u00e9 devant ses militants. <strong>Une d\u00e9monstration politique et physique de r\u00e9sistance.<\/strong><\/li>\n<\/ul>\n\n\n\n<hr class=\"wp-block-separator has-alpha-channel-opacity\"\/>\n\n\n\n<h2 class=\"wp-block-heading\">pourquoi le pouvoir s&rsquo;attaque \u00e0 Assal\u00e9 Ti\u00e9moko maintenant<\/h2>\n\n\n\n<p>Officiellement, le parquet et le minist\u00e8re de la Justice n&rsquo;ont pas communiqu\u00e9 sur la nature exacte des faits reproch\u00e9s \u00e0 Assal\u00e9 Ti\u00e9moko. Mais selon Jeune Afrique et plusieurs sources concordantes, l&rsquo;audition de 16 heures aurait port\u00e9 principalement sur une <strong>interview d&rsquo;1h50 accord\u00e9e en mars 2026 sur la cha\u00eene YouTube Actupeople au journaliste ivoirien Guillaume Verg\u00e8s<\/strong>, bas\u00e9 \u00e0 Paris.<\/p>\n\n\n\n<p>Dans cette interview qualifi\u00e9e de <em>\u00ab r\u00e9quisitoire \u00bb<\/em>, Assal\u00e9 Ti\u00e9moko :<\/p>\n\n\n\n<ul class=\"wp-block-list\">\n<li>A fustig\u00e9 une <em>\u00ab corruption qui gangr\u00e8ne l&rsquo;administration publique \u00bb<\/em> ivoirienne<\/li>\n\n\n\n<li>A affirm\u00e9 avoir \u00e9t\u00e9 <strong>menac\u00e9 par une figure du RHDP<\/strong> apr\u00e8s son entrevue avec l&rsquo;ancien Pr\u00e9sident Laurent Gbagbo : <em>\u00ab On va te faire payer cette rencontre \u00bb<\/em><\/li>\n\n\n\n<li>A parl\u00e9 d&rsquo;un <strong>\u00ab braquage \u00e9lectoral \u00bb<\/strong> lors des derni\u00e8res l\u00e9gislatives de d\u00e9cembre 2025 \u2014 qu&rsquo;il a perdues<\/li>\n<\/ul>\n\n\n\n<p><strong>Pour Roger Youan, secr\u00e9taire ex\u00e9cutif de l&rsquo;ADCI :<\/strong> <em>\u00ab La seule base des poursuites judiciaires engag\u00e9es contre Assal\u00e9 Ti\u00e9moko est l&rsquo;entretien qu&rsquo;il a accord\u00e9 \u00e0 Guillaume Verg\u00e8s. \u00bb<\/em> Isra\u00ebl Gu\u00e9bo, premier vice-pr\u00e9sident de l&rsquo;ADCI, d\u00e9nonce <em>\u00ab une volont\u00e9 ferme de totalement fermer l&rsquo;espace civique, de restreindre les libert\u00e9s, de museler les voix qui comptent. \u00bb<\/em><\/p>\n\n\n\n<hr class=\"wp-block-separator has-alpha-channel-opacity\"\/>\n\n\n\n<h2 class=\"wp-block-heading\"> 16 heures d&rsquo;audition, deux malaises&#8230; et toujours debout<\/h2>\n\n\n\n<p>Voici le d\u00e9tail qui fait de cette rentr\u00e9e un moment politique majeur : <strong>Assal\u00e9 Ti\u00e9moko aurait pu annuler.<\/strong> M\u00e9dicalement, sortir d&rsquo;un Institut de cardiologie apr\u00e8s deux malaises et monter sur sc\u00e8ne une semaine plus tard rel\u00e8ve du d\u00e9fi physique. Politiquement, apr\u00e8s une audition aussi longue, beaucoup auraient choisi le silence prudent. Lui non.<\/p>\n\n\n\n<p>Cette posture s&rsquo;inscrit dans un parcours marqu\u00e9 par la r\u00e9sistance :<\/p>\n\n\n\n<ul class=\"wp-block-list\">\n<li><strong>D\u00e9cembre 2007 :<\/strong> Sous le r\u00e9gime de Laurent Gbagbo, il est incarc\u00e9r\u00e9 pendant <strong>douze mois<\/strong> \u00e0 la MACA pour avoir d\u00e9nonc\u00e9 la corruption de magistrats<\/li>\n\n\n\n<li><strong>2017 :<\/strong> Il est victime d&rsquo;une <strong>tentative de meurtre<\/strong> li\u00e9e \u00e0 un dossier sur un march\u00e9 public, selon Amnesty International<\/li>\n\n\n\n<li><strong>Avril 2023 :<\/strong> Il organise un <strong>boycott historique des op\u00e9rateurs t\u00e9l\u00e9coms<\/strong> Orange, MTN et Moov, mobilisant pr\u00e8s de <strong>400 000 personnes<\/strong> et obtenant l&rsquo;annulation de la hausse des tarifs internet<\/li>\n<\/ul>\n\n\n\n<p><strong>D\u00e9cryptage Livoiroi :<\/strong> Ce 2 mai 2026 \u00e0 Tiassal\u00e9 n&rsquo;est pas une rentr\u00e9e politique ordinaire. C&rsquo;est la d\u00e9claration vivante d&rsquo;un homme qui dit, par sa seule pr\u00e9sence, qu&rsquo;il ne se laissera pas faire. Et \u00e7a, en politique ivoirienne, \u00e7a p\u00e8se lourd.<\/p>\n\n\n\n<hr class=\"wp-block-separator has-alpha-channel-opacity\"\/>\n\n\n\n<h2 class=\"wp-block-heading\"> pourquoi il quitte Tiassal\u00e9 pour viser Abidjan<\/h2>\n\n\n\n<p>Information strat\u00e9gique majeure r\u00e9v\u00e9l\u00e9e par Le Mandat Express : apr\u00e8s sa d\u00e9faite aux l\u00e9gislatives de d\u00e9cembre 2025, Assal\u00e9 Ti\u00e9moko a pris une d\u00e9cision capitale qu&rsquo;il devrait \u00e9voquer ce 2 mai. <strong>Il ne d\u00e9fendra pas son poste de maire de Tiassal\u00e9 aux prochaines municipales.<\/strong> Il vise d\u00e9sormais <strong>une commune du district d&rsquo;Abidjan.<\/strong><\/p>\n\n\n\n<p>Cette bascule g\u00e9ographique est une bombe politique :<\/p>\n\n\n\n<ul class=\"wp-block-list\">\n<li><strong>Abidjan = la vitrine politique nationale.<\/strong> Conqu\u00e9rir une commune abidjanaise, c&rsquo;est gagner une visibilit\u00e9 bien sup\u00e9rieure \u00e0 celle de Tiassal\u00e9.<\/li>\n\n\n\n<li><strong>Le pari est risqu\u00e9.<\/strong> Tiassal\u00e9 \u00e9tait son fief. \u00c0 Abidjan, il devra se construire une nouvelle base militante.<\/li>\n\n\n\n<li><strong>Un signal pour 2030.<\/strong> Beaucoup d&rsquo;observateurs voient dans ce choix les pr\u00e9mices d&rsquo;une candidature \u00e0 plus grande \u00e9chelle. Jeune Afrique le pr\u00e9sente d\u00e9j\u00e0 comme <em>\u00ab le candidat hors syst\u00e8me \u00bb<\/em> de la C\u00f4te d&rsquo;Ivoire.<\/li>\n<\/ul>\n\n\n\n<hr class=\"wp-block-separator has-alpha-channel-opacity\"\/>\n\n\n\n<h2 class=\"wp-block-heading\">Assal\u00e9 Ti\u00e9moko et la nouvelle g\u00e9ographie de l&rsquo;opposition<\/h2>\n\n\n\n<p>La rentr\u00e9e politique de l&rsquo;ADCI intervient dans un contexte de recomposition profonde de l&rsquo;opposition ivoirienne. Tidjane Thiam, Affi N&rsquo;Guessan, Simone Ehivet Gbagbo, Jean-Louis Billon&#8230; chacun cherche \u00e0 se positionner pour 2030. Dans ce paysage, Assal\u00e9 Ti\u00e9moko occupe une place singuli\u00e8re :<\/p>\n\n\n\n<ul class=\"wp-block-list\">\n<li><strong>Il n&rsquo;est pas issu d&rsquo;un grand parti historique<\/strong> \u2014 il est le cr\u00e9ateur de son propre mouvement (ADCI fond\u00e9 en 2021 \u00e0 Yamoussoukro)<\/li>\n\n\n\n<li><strong>Il a la l\u00e9gitimit\u00e9 de la rue<\/strong> \u2014 son boycott t\u00e9l\u00e9coms de 2023 a d\u00e9montr\u00e9 sa capacit\u00e9 de mobilisation<\/li>\n\n\n\n<li><strong>Il rencontre Gbagbo<\/strong> \u2014 un signal de rapprochement avec l&rsquo;opposition historique<\/li>\n\n\n\n<li><strong>Il est jeune<\/strong> \u2014 50 ans, contre 83 pour Ouattara, 81 pour Gbagbo, 76 pour B\u00e9di\u00e9 (\u2020 2023)<\/li>\n<\/ul>\n\n\n\n<p>Sa rentr\u00e9e politique, ce samedi \u00e0 Tiassal\u00e9, est aussi le coup d&rsquo;envoi d&rsquo;une <strong>nouvelle s\u00e9quence politique pour l&rsquo;opposition<\/strong>. Tous les regards seront tourn\u00e9s vers son discours.<\/p>\n\n\n\n<hr class=\"wp-block-separator has-alpha-channel-opacity\"\/>\n\n\n\n<figure class=\"wp-block-image size-large is-resized\"><img loading=\"lazy\" decoding=\"async\" width=\"1024\" height=\"576\" src=\"https:\/\/ivoiroi.com\/wp-content\/uploads\/2026\/05\/79942151110__EBED837D-4E7E-4741-9B58-A3A2CF6459EF.fullsizerender-1-1024x576.jpeg\" alt=\"\" class=\"wp-image-1066\" style=\"width:1004px;height:auto\" srcset=\"https:\/\/ivoiroi.com\/wp-content\/uploads\/2026\/05\/79942151110__EBED837D-4E7E-4741-9B58-A3A2CF6459EF.fullsizerender-1-1024x576.jpeg 1024w, https:\/\/ivoiroi.com\/wp-content\/uploads\/2026\/05\/79942151110__EBED837D-4E7E-4741-9B58-A3A2CF6459EF.fullsizerender-1-300x169.jpeg 300w, https:\/\/ivoiroi.com\/wp-content\/uploads\/2026\/05\/79942151110__EBED837D-4E7E-4741-9B58-A3A2CF6459EF.fullsizerender-1-768x432.jpeg 768w, https:\/\/ivoiroi.com\/wp-content\/uploads\/2026\/05\/79942151110__EBED837D-4E7E-4741-9B58-A3A2CF6459EF.fullsizerender-1-1536x864.jpeg 1536w, https:\/\/ivoiroi.com\/wp-content\/uploads\/2026\/05\/79942151110__EBED837D-4E7E-4741-9B58-A3A2CF6459EF.fullsizerender-1-2048x1152.jpeg 2048w\" sizes=\"auto, (max-width: 1024px) 100vw, 1024px\" \/><\/figure>\n\n\n\n<h2 class=\"wp-block-heading\">Tiassal\u00e9, ce samedi : le jour o\u00f9 la voix qui d\u00e9range a refus\u00e9 de se taire<\/h2>\n\n\n\n<p>Le pouvoir aurait pr\u00e9f\u00e9r\u00e9 le voir silencieux \u00e0 l&rsquo;h\u00f4pital. Le pouvoir aurait pr\u00e9f\u00e9r\u00e9 qu&rsquo;une garde \u00e0 vue prolong\u00e9e le neutralise. Le pouvoir aurait pr\u00e9f\u00e9r\u00e9 qu&rsquo;il choisisse la prudence. Pourtant, ce 2 mai 2026, Assal\u00e9 Ti\u00e9moko est \u00e0 Tiassal\u00e9, devant ses militants en jaune, debout sur la Place qui porte son nom. Au-del\u00e0 des chiffres de mobilisation, au-del\u00e0 des slogans, au-del\u00e0 m\u00eame de son discours, c&rsquo;est cette image qu&rsquo;il veut que les Ivoiriens retiennent : <strong>celle d&rsquo;un homme que rien n&rsquo;arr\u00eate.<\/strong> La suite politique se jouera dans les prochaines semaines. Livoiroi suivra.<\/p>\n\n\n\n<hr class=\"wp-block-separator has-alpha-channel-opacity\"\/>\n\n\n\n<h2 class=\"wp-block-heading\">FAQ \u2014 Tout savoir sur la rentr\u00e9e politique d&rsquo;Assal\u00e9 Ti\u00e9moko<\/h2>\n\n\n\n<h3 class=\"wp-block-heading\">Pourquoi Assal\u00e9 Ti\u00e9moko a-t-il \u00e9t\u00e9 convoqu\u00e9 par la police ivoirienne ?<\/h3>\n\n\n\n<p>Le motif officiel n&rsquo;a pas \u00e9t\u00e9 communiqu\u00e9 par le parquet. Mais selon plusieurs sources, l&rsquo;audition du 22 avril 2026 portait principalement sur une interview accord\u00e9e en mars 2026 au journaliste Guillaume Verg\u00e8s sur la cha\u00eene YouTube Actupeople, dans laquelle il fustigeait la corruption et \u00e9voquait des menaces venues du RHDP.<\/p>\n\n\n\n<h3 class=\"wp-block-heading\">Quel est l&rsquo;\u00e9tat de sant\u00e9 d&rsquo;Assal\u00e9 Ti\u00e9moko ?<\/h3>\n\n\n\n<p>Victime de <strong>deux malaises cardiovasculaires<\/strong> lors de son audition de 16 heures le 22 avril 2026, il a \u00e9t\u00e9 \u00e9vacu\u00e9 \u00e0 l&rsquo;<strong>Institut de cardiologie d&rsquo;Abidjan<\/strong>. Il a quitt\u00e9 l&rsquo;\u00e9tablissement le 25 avril apr\u00e8s stabilisation de son \u00e9tat. Sa pr\u00e9sence \u00e0 la rentr\u00e9e politique du 2 mai d\u00e9montre une r\u00e9cup\u00e9ration satisfaisante.<\/p>\n\n\n\n<h3 class=\"wp-block-heading\">Qu&rsquo;est-ce que l&rsquo;ADCI ?<\/h3>\n\n\n\n<p><strong>ADCI<\/strong> signifie <em>\u00ab Aujourd&rsquo;hui et Demain, la C\u00f4te d&rsquo;Ivoire \u00bb<\/em>. C&rsquo;est le mouvement politique fond\u00e9 par Assal\u00e9 Ti\u00e9moko en 2021 \u00e0 Yamoussoukro. Sa couleur officielle est le jaune. Le slogan : <em>\u00ab Construire une soci\u00e9t\u00e9 de confiance \u00bb.<\/em><\/p>\n\n\n\n<h3 class=\"wp-block-heading\">Assal\u00e9 Ti\u00e9moko sera-t-il candidat \u00e0 la pr\u00e9sidentielle de 2030 ?<\/h3>\n\n\n\n<p>Aucune annonce officielle \u00e0 ce stade. Mais sa d\u00e9cision de quitter Tiassal\u00e9 pour viser une commune du district d&rsquo;Abidjan, sa rencontre avec Laurent Gbagbo et son positionnement de <em>\u00ab candidat hors syst\u00e8me \u00bb<\/em> selon Jeune Afrique alimentent toutes les sp\u00e9culations.<\/p>\n\n\n\n<h3 class=\"wp-block-heading\">Pourquoi a-t-il rencontr\u00e9 Laurent Gbagbo ?<\/h3>\n\n\n\n<p>Cette rencontre, qui a eu lieu courant 2025-2026, a \u00e9t\u00e9 interpr\u00e9t\u00e9e comme un signal de rapprochement entre Assal\u00e9 Ti\u00e9moko et l&rsquo;opposition historique ivoirienne. Selon ses propres d\u00e9clarations, il aurait \u00e9t\u00e9 menac\u00e9 par une figure du RHDP apr\u00e8s cette entrevue.<\/p>\n\n\n\n<h3 class=\"wp-block-heading\">Qui est Roger Youan ?<\/h3>\n\n\n\n<p>Roger Youan est le <strong>Secr\u00e9taire Ex\u00e9cutif de l&rsquo;ADCI<\/strong>. Il est notamment charg\u00e9 de la communication officielle du mouvement et d\u00e9fend publiquement Assal\u00e9 Ti\u00e9moko dans les affaires judiciaires en cours.<\/p>\n\n\n\n<hr class=\"wp-block-separator has-alpha-channel-opacity\"\/>\n\n\n\n<p><em>\ud83d\udccc <strong>Note de transparence :<\/strong> Cet article s&rsquo;appuie sur des sources v\u00e9rifi\u00e9es : <a href=\"https:\/\/www.lemandatexpress.net\" target=\"_blank\" rel=\"noreferrer noopener\">Le Mandat Express<\/a>, <a href=\"https:\/\/www.jeuneafrique.com\" target=\"_blank\" rel=\"noreferrer noopener\">Jeune Afrique<\/a>, <a href=\"https:\/\/www.fratmat.info\" target=\"_blank\" rel=\"noreferrer noopener\">FratMat<\/a>, <a href=\"https:\/\/news.abidjan.net\" target=\"_blank\" rel=\"noreferrer noopener\">Abidjan.net<\/a>, <a href=\"https:\/\/afriksoir.net\" target=\"_blank\" rel=\"noreferrer noopener\">Afrik Soir<\/a>, <a href=\"https:\/\/www.yessouan.ci\" target=\"_blank\" rel=\"noreferrer noopener\">Yessouan<\/a>, communiqu\u00e9s officiels de l&rsquo;ADCI sign\u00e9s Roger Youan. Conform\u00e9ment \u00e0 la charte \u00e9ditoriale de <a href=\"https:\/\/ivoiroi.com\" target=\"_blank\" rel=\"noreferrer noopener\">Livoiroi<\/a>. Publi\u00e9 le 2 mai 2026.<\/em><\/p>\n\n\n\n<p><\/p>\n","protected":false},"excerpt":{"rendered":"<p>Il avait dit qu&rsquo;il serait l\u00e0. Il y est. Ce samedi 2 mai 2026 d\u00e8s 9 heures, sur la Place<\/p>\n","protected":false},"author":1,"featured_media":1064,"comment_status":"closed","ping_status":"open","sticky":false,"template":"","format":"standard","meta":{"colormag_page_container_layout":"default_layout","colormag_page_sidebar_layout":"default_layout","footnotes":""},"categories":[18],"tags":[80],"class_list":["post-1063","post","type-post","status-publish","format-standard","has-post-thumbnail","hentry","category-politique","tag-cote-divoire"],"magazineBlocksPostFeaturedMedia":{"thumbnail":"https:\/\/ivoiroi.com\/wp-content\/uploads\/2026\/05\/IMG_0059-150x150.jpeg","medium":"https:\/\/ivoiroi.com\/wp-content\/uploads\/2026\/05\/IMG_0059-300x200.jpeg","medium_large":"https:\/\/ivoiroi.com\/wp-content\/uploads\/2026\/05\/IMG_0059-768x512.jpeg","large":"https:\/\/ivoiroi.com\/wp-content\/uploads\/2026\/05\/IMG_0059-1024x683.jpeg","1536x1536":"https:\/\/ivoiroi.com\/wp-content\/uploads\/2026\/05\/IMG_0059-1536x1024.jpeg","2048x2048":"https:\/\/ivoiroi.com\/wp-content\/uploads\/2026\/05\/IMG_0059.jpeg","colormag-highlighted-post":"https:\/\/ivoiroi.com\/wp-content\/uploads\/2026\/05\/IMG_0059-392x272.jpeg","colormag-featured-post-medium":"https:\/\/ivoiroi.com\/wp-content\/uploads\/2026\/05\/IMG_0059-390x205.jpeg","colormag-featured-post-small":"https:\/\/ivoiroi.com\/wp-content\/uploads\/2026\/05\/IMG_0059-130x90.jpeg","colormag-featured-image":"https:\/\/ivoiroi.com\/wp-content\/uploads\/2026\/05\/IMG_0059-800x445.jpeg","colormag-default-news":"https:\/\/ivoiroi.com\/wp-content\/uploads\/2026\/05\/IMG_0059-150x150.jpeg","colormag-featured-image-large":"https:\/\/ivoiroi.com\/wp-content\/uploads\/2026\/05\/IMG_0059-1400x600.jpeg"},"magazineBlocksPostAuthor":{"name":"rdouele","avatar":"https:\/\/secure.gravatar.com\/avatar\/83b83ed3417eeba1389d4503db5ff4fcc4ab98b635bc11213e521a303fef9f0e?s=96&d=mm&r=g"},"magazineBlocksPostCommentsNumber":false,"magazineBlocksPostExcerpt":"Il avait dit qu&rsquo;il serait l\u00e0. Il y est. Ce samedi 2 mai 2026 d\u00e8s 9 heures, sur la Place","magazineBlocksPostCategories":["Politique"],"magazineBlocksPostViewCount":17,"magazineBlocksPostReadTime":8,"magazine_blocks_featured_image_url":{"full":["https:\/\/ivoiroi.com\/wp-content\/uploads\/2026\/05\/IMG_0059.jpeg",1852,1235,false],"medium":["https:\/\/ivoiroi.com\/wp-content\/uploads\/2026\/05\/IMG_0059-300x200.jpeg",300,200,true],"thumbnail":["https:\/\/ivoiroi.com\/wp-content\/uploads\/2026\/05\/IMG_0059-150x150.jpeg",150,150,true]},"magazine_blocks_author":{"display_name":"rdouele","author_link":"https:\/\/ivoiroi.com\/index.php\/author\/rdouele\/"},"magazine_blocks_comment":0,"magazine_blocks_author_image":"https:\/\/secure.gravatar.com\/avatar\/83b83ed3417eeba1389d4503db5ff4fcc4ab98b635bc11213e521a303fef9f0e?s=96&d=mm&r=g","magazine_blocks_category":"<a href=\"#\" class=\"category-link category-link-18\">Politique<\/a>","_links":{"self":[{"href":"https:\/\/ivoiroi.com\/index.php\/wp-json\/wp\/v2\/posts\/1063","targetHints":{"allow":["GET"]}}],"collection":[{"href":"https:\/\/ivoiroi.com\/index.php\/wp-json\/wp\/v2\/posts"}],"about":[{"href":"https:\/\/ivoiroi.com\/index.php\/wp-json\/wp\/v2\/types\/post"}],"author":[{"embeddable":true,"href":"https:\/\/ivoiroi.com\/index.php\/wp-json\/wp\/v2\/users\/1"}],"replies":[{"embeddable":true,"href":"https:\/\/ivoiroi.com\/index.php\/wp-json\/wp\/v2\/comments?post=1063"}],"version-history":[{"count":2,"href":"https:\/\/ivoiroi.com\/index.php\/wp-json\/wp\/v2\/posts\/1063\/revisions"}],"predecessor-version":[{"id":1068,"href":"https:\/\/ivoiroi.com\/index.php\/wp-json\/wp\/v2\/posts\/1063\/revisions\/1068"}],"wp:featuredmedia":[{"embeddable":true,"href":"https:\/\/ivoiroi.com\/index.php\/wp-json\/wp\/v2\/media\/1064"}],"wp:attachment":[{"href":"https:\/\/ivoiroi.com\/index.php\/wp-json\/wp\/v2\/media?parent=1063"}],"wp:term":[{"taxonomy":"category","embeddable":true,"href":"https:\/\/ivoiroi.com\/index.php\/wp-json\/wp\/v2\/categories?post=1063"},{"taxonomy":"post_tag","embeddable":true,"href":"https:\/\/ivoiroi.com\/index.php\/wp-json\/wp\/v2\/tags?post=1063"}],"curies":[{"name":"wp","href":"https:\/\/api.w.org\/{rel}","templated":true}]}}