{"id":1052,"date":"2026-05-02T14:44:47","date_gmt":"2026-05-02T12:44:47","guid":{"rendered":"https:\/\/ivoiroi.com\/?p=1052"},"modified":"2026-05-02T15:07:39","modified_gmt":"2026-05-02T13:07:39","slug":"mali-adjudant-moussa-diane-arrestation-attaques-25-avril-decryptage","status":"publish","type":"post","link":"https:\/\/ivoiroi.com\/index.php\/2026\/05\/02\/mali-adjudant-moussa-diane-arrestation-attaques-25-avril-decryptage\/","title":{"rendered":"\ud83c\uddf2\ud83c\uddf1 International \u00b7 Mali \u2014 L&rsquo;Adjudant Moussa Diane, militaire en activit\u00e9, officiellement identifi\u00e9 par le Parquet militaire de Bamako parmi les pr\u00e9sum\u00e9s complices des attaques du 25 avril."},"content":{"rendered":"\n<hr class=\"wp-block-separator has-alpha-channel-opacity\"\/>\n\n\n\n<p><strong>Le 1er mai 2026, le Parquet militaire de Bamako a fait tomber un nom qui r\u00e9sonne d\u00e9sormais dans tout le Mali : l&rsquo;Adjudant Moussa Diane. Militaire en activit\u00e9, il fait partie des quatre soldats officiellement identifi\u00e9s comme pr\u00e9sum\u00e9s complices des attaques coordonn\u00e9es du 25 avril 2026, qui ont co\u00fbt\u00e9 la vie au g\u00e9n\u00e9ral Sadio Camara, ministre de la D\u00e9fense. Au-del\u00e0 de cet homme, c&rsquo;est une question vertigineuse qui se pose : les attaques venaient-elles aussi de l&rsquo;int\u00e9rieur ? Livoiroi d\u00e9crypte.<\/strong><\/p>\n\n\n\n<hr class=\"wp-block-separator has-alpha-channel-opacity\"\/>\n\n\n\n<h2 class=\"wp-block-heading\">Ce que dit officiellement le Parquet militaire de Bamako<\/h2>\n\n\n\n<p>Dans son communiqu\u00e9 officiel rendu public le 1er mai 2026, le Procureur de la R\u00e9publique pr\u00e8s le Tribunal militaire de Bamako a annonc\u00e9 l&rsquo;ouverture d&rsquo;une enqu\u00eate judiciaire portant sur les attaques terroristes du 25 avril 2026. Selon ce document, les investigations ont permis d&rsquo;\u00e9tablir un faisceau d&rsquo;\u00e9l\u00e9ments solides relatifs \u00e0 la complicit\u00e9 de certains militaires, militaires radi\u00e9s ou en instance de radiation, dans la planification, la coordination et l&rsquo;ex\u00e9cution des attaques.<\/p>\n\n\n\n<p>Quatre militaires sont formellement identifi\u00e9s par le Parquet militaire :<\/p>\n\n\n\n<ul class=\"wp-block-list\">\n<li><strong>Sergent Diakaridia Sodio<\/strong> \u2014 militaire en activit\u00e9<\/li>\n\n\n\n<li><strong>Adjudant Moussa Diane<\/strong> \u2014 militaire en activit\u00e9<\/li>\n\n\n\n<li><strong>Adjudant-chef Mamadou Keita<\/strong> \u2014 militaire en activit\u00e9<\/li>\n\n\n\n<li><strong>So\u00efba Diarra<\/strong> \u2014 militaire \u00e0 la retraite<\/li>\n<\/ul>\n\n\n\n<p>L&rsquo;enqu\u00eate confirme \u00e9galement la participation d&rsquo;<strong>Alassane Diallo dit \u00ab Abedi \u00bb<\/strong>, militaire radi\u00e9, qui aurait trouv\u00e9 la mort lors des combats \u00e0 Kati. Le Parquet pr\u00e9cise que <em>\u00ab les premi\u00e8res interpellations ont \u00e9t\u00e9 faites avec succ\u00e8s \u00bb<\/em> et que les autres suspects sont <em>\u00ab activement recherch\u00e9s \u00bb<\/em>.<\/p>\n\n\n\n<hr class=\"wp-block-separator has-alpha-channel-opacity\"\/>\n\n\n\n<h2 class=\"wp-block-heading\"> pourquoi le statut \u00ab\u00a0en activit\u00e9\u00a0\u00bb change tout<\/h2>\n\n\n\n<p>Le d\u00e9tail le plus explosif du communiqu\u00e9 officiel n&rsquo;est pas la liste des noms \u2014 c&rsquo;est leur statut. <strong>Trois des quatre militaires identifi\u00e9s sont des soldats EN ACTIVIT\u00c9.<\/strong> Pas des militaires radi\u00e9s. Pas des retrait\u00e9s d\u00e9serteurs. Des hommes qui portaient encore l&rsquo;uniforme, percevaient encore une solde, et avaient encore acc\u00e8s \u00e0 l&rsquo;institution militaire malienne au moment des faits pr\u00e9sum\u00e9s.<\/p>\n\n\n\n<p>Cette pr\u00e9cision change radicalement la nature de l&rsquo;affaire :<\/p>\n\n\n\n<ul class=\"wp-block-list\">\n<li><strong>Une faille interne av\u00e9r\u00e9e :<\/strong> Si les accusations sont confirm\u00e9es, cela signifie que l&rsquo;arm\u00e9e malienne a \u00e9t\u00e9 infiltr\u00e9e \u2014 ou pire, que certains de ses membres ont activement collabor\u00e9 avec le GSIM affili\u00e9 \u00e0 Al-Qa\u00efda.<\/li>\n\n\n\n<li><strong>Une crise de confiance :<\/strong> Comment Assimi Go\u00efta peut-il continuer \u00e0 diriger une arm\u00e9e si une partie m\u00eame de ses cadres interm\u00e9diaires (sergents, adjudants, adjudants-chefs) est mise en cause ?<\/li>\n\n\n\n<li><strong>Un d\u00e9fi pour le commandement :<\/strong> Le Chef d&rsquo;\u00e9tat-major et le directeur de l&rsquo;Agence nationale de la S\u00e9curit\u00e9 d&rsquo;\u00c9tat ont eux-m\u00eames \u00e9t\u00e9 bless\u00e9s lors des attaques. Le syst\u00e8me de s\u00e9curit\u00e9 a clairement \u00e9t\u00e9 pris \u00e0 revers.<\/li>\n<\/ul>\n\n\n\n<hr class=\"wp-block-separator has-alpha-channel-opacity\"\/>\n\n\n\n<h2 class=\"wp-block-heading\">l&rsquo;opposant Oumar Mariko cit\u00e9 \u2014 un s\u00e9isme politique<\/h2>\n\n\n\n<p>Le communiqu\u00e9 du Parquet militaire ne s&rsquo;arr\u00eate pas aux militaires. Il cite explicitement <em>\u00ab l&rsquo;implication notoire \u00bb<\/em> du <strong>Docteur Oumar Mariko<\/strong>, figure historique de l&rsquo;opposition malienne et ancien secr\u00e9taire g\u00e9n\u00e9ral du parti SADI (Solidarit\u00e9 Africaine pour la D\u00e9mocratie et l&rsquo;Ind\u00e9pendance).<\/p>\n\n\n\n<p>Selon le Parquet, Oumar Mariko aurait \u00e9t\u00e9 aper\u00e7u le 22 avril 2026 \u2014 soit trois jours avant les attaques \u2014 dans une zone contr\u00f4l\u00e9e par le JNIM (autre nom du GSIM), aux c\u00f4t\u00e9s de soldats maliens retenus en otages par le mouvement arm\u00e9.<\/p>\n\n\n\n<p><strong>Le d\u00e9cryptage Livoiroi :<\/strong> Cette mise en cause d&rsquo;une figure politique d&rsquo;opposition par le Parquet militaire \u2014 et non par un tribunal civil \u2014 est lourde de cons\u00e9quences. Elle place le proc\u00e8s \u00e0 venir sur un terrain \u00e0 la fois militaire et politique, et soul\u00e8ve une question essentielle : <em>la justice malienne saura-t-elle distinguer la complicit\u00e9 r\u00e9elle de l&rsquo;instrumentalisation d&rsquo;une enqu\u00eate contre des opposants ?<\/em> Les juristes et observateurs internationaux suivront ce dossier de tr\u00e8s pr\u00e8s.<\/p>\n\n\n\n<hr class=\"wp-block-separator has-alpha-channel-opacity\"\/>\n\n\n\n<h2 class=\"wp-block-heading\">la traque s&rsquo;acc\u00e9l\u00e8re \u2014 pourquoi Bougouni est strat\u00e9gique<\/h2>\n\n\n\n<p>Selon plusieurs sources concordantes, l&rsquo;Adjudant Moussa Diane aurait \u00e9t\u00e9 appr\u00e9hend\u00e9 \u00e0 <strong>Bougouni<\/strong>, ville situ\u00e9e dans le sud du Mali, \u00e0 proximit\u00e9 de la fronti\u00e8re avec la C\u00f4te d&rsquo;Ivoire. Cette localisation n&rsquo;est pas anodine et r\u00e9v\u00e8le plusieurs \u00e9l\u00e9ments importants :<\/p>\n\n\n\n<ul class=\"wp-block-list\">\n<li><strong>Bougouni, point de passage strat\u00e9gique :<\/strong> Situ\u00e9e sur l&rsquo;axe Bamako-Sikasso-C\u00f4te d&rsquo;Ivoire, c&rsquo;est l&rsquo;une des derni\u00e8res grandes villes maliennes avant la fronti\u00e8re ivoirienne. Un passage classique pour qui veut quitter le pays par le sud.<\/li>\n\n\n\n<li><strong>La C\u00f4te d&rsquo;Ivoire comme refuge pr\u00e9sum\u00e9 :<\/strong> Si la fuite vers la C\u00f4te d&rsquo;Ivoire se confirme, cela ajoute une dimension r\u00e9gionale au dossier. Abidjan et Bamako entretiennent des relations diplomatiques tendues mais coop\u00e8rent en mati\u00e8re de s\u00e9curit\u00e9 transfrontali\u00e8re.<\/li>\n\n\n\n<li><strong>Une chasse \u00e0 l&rsquo;homme m\u00e9thodique :<\/strong> L&rsquo;arrestation \u00e0 Bougouni \u2014 loin de Bamako o\u00f9 les attaques ont eu lieu \u2014 d\u00e9montre une coordination des services de s\u00e9curit\u00e9 maliens sur l&rsquo;ensemble du territoire.<\/li>\n<\/ul>\n\n\n\n<hr class=\"wp-block-separator has-alpha-channel-opacity\"\/>\n\n\n\n<figure class=\"wp-block-gallery has-nested-images columns-default is-cropped wp-block-gallery-1 is-layout-flex wp-block-gallery-is-layout-flex\">\n<figure class=\"wp-block-image size-large\"><img loading=\"lazy\" decoding=\"async\" width=\"1024\" height=\"683\" data-id=\"1060\" src=\"https:\/\/ivoiroi.com\/wp-content\/uploads\/2026\/05\/IMG_0053-1-1024x683.jpeg\" alt=\"\" class=\"wp-image-1060\" srcset=\"https:\/\/ivoiroi.com\/wp-content\/uploads\/2026\/05\/IMG_0053-1-1024x683.jpeg 1024w, https:\/\/ivoiroi.com\/wp-content\/uploads\/2026\/05\/IMG_0053-1-300x200.jpeg 300w, https:\/\/ivoiroi.com\/wp-content\/uploads\/2026\/05\/IMG_0053-1-768x512.jpeg 768w, https:\/\/ivoiroi.com\/wp-content\/uploads\/2026\/05\/IMG_0053-1-1536x1024.jpeg 1536w, https:\/\/ivoiroi.com\/wp-content\/uploads\/2026\/05\/IMG_0053-1.jpeg 2048w\" sizes=\"auto, (max-width: 1024px) 100vw, 1024px\" \/><\/figure>\n<\/figure>\n\n\n\n<hr class=\"wp-block-separator has-alpha-channel-opacity\"\/>\n\n\n\n<h2 class=\"wp-block-heading\">ce qui s&rsquo;est vraiment pass\u00e9 le 25 avril 2026<\/h2>\n\n\n\n<p>Pour comprendre l&rsquo;enjeu de cette enqu\u00eate, il faut rappeler l&rsquo;ampleur des \u00e9v\u00e9nements du 25 avril 2026. Aux premi\u00e8res heures du matin, vers 5h30, des colonnes arm\u00e9es du Groupe de soutien \u00e0 l&rsquo;islam et aux musulmans (GSIM\/JNIM) et du Front de lib\u00e9ration de l&rsquo;Azawad (FLA) ont frapp\u00e9 de mani\u00e8re coordonn\u00e9e six villes maliennes : <strong>Bamako, Kati, Mopti, S\u00e9var\u00e9, Gao, Bourem et Kidal<\/strong>.<\/p>\n\n\n\n<ul class=\"wp-block-list\">\n<li><strong>Kati :<\/strong> Le g\u00e9n\u00e9ral Sadio Camara, ministre de la D\u00e9fense, est tu\u00e9 \u00e0 son domicile dans un attentat perp\u00e9tr\u00e9 par des \u00e9l\u00e9ments du JNIM<\/li>\n\n\n\n<li><strong>Bamako et Kati :<\/strong> Plusieurs positions des Forces arm\u00e9es et de s\u00e9curit\u00e9 vis\u00e9es<\/li>\n\n\n\n<li><strong>Hauts grad\u00e9s bless\u00e9s :<\/strong> Le chef d&rsquo;\u00e9tat-major des arm\u00e9es et le directeur de l&rsquo;Agence nationale de la S\u00e9curit\u00e9 d&rsquo;\u00c9tat bless\u00e9s<\/li>\n\n\n\n<li><strong>Qualification officielle :<\/strong> Le gouvernement Go\u00efta a qualifi\u00e9 la situation d&rsquo;\u00ab extr\u00eame gravit\u00e9 \u00bb<\/li>\n<\/ul>\n\n\n\n<hr class=\"wp-block-separator has-alpha-channel-opacity\"\/>\n\n\n\n<h2 class=\"wp-block-heading\">\u2696\ufe0f Pr\u00e9somption d&rsquo;innocence : ce que Livoiroi tient \u00e0 rappeler<\/h2>\n\n\n\n<blockquote class=\"wp-block-quote is-layout-flow wp-block-quote-is-layout-flow\">\n<p><strong>L&rsquo;Adjudant Moussa Diane, comme tous les autres suspects identifi\u00e9s, b\u00e9n\u00e9ficie de la pr\u00e9somption d&rsquo;innocence jusqu&rsquo;\u00e0 preuve du contraire prononc\u00e9e par un tribunal comp\u00e9tent.<\/strong> Le Parquet militaire de Bamako a annonc\u00e9 l&rsquo;ouverture d&rsquo;une enqu\u00eate. Cette enqu\u00eate doit suivre son cours dans le respect des proc\u00e9dures l\u00e9gales, comme l&rsquo;a d&rsquo;ailleurs soulign\u00e9 le Procureur lui-m\u00eame. Livoiroi appelle \u00e0 \u00e9viter les jugements h\u00e2tifs, les diffusions d\u2019images d\u00e9gradantes ou les appels \u00e0 la violence qui circulent actuellement sur certains r\u00e9seaux sociaux. Aucun de ces comportements ne sert ni la justice, ni la m\u00e9moire des victimes des attaques du 25 avril.<\/p>\n<\/blockquote>\n\n\n\n<hr class=\"wp-block-separator has-alpha-channel-opacity\"\/>\n\n\n\n<h2 class=\"wp-block-heading\">\ud83d\udd0e Informations non v\u00e9rifi\u00e9es qui circulent sur les r\u00e9seaux sociaux<\/h2>\n\n\n\n<blockquote class=\"wp-block-quote is-layout-flow wp-block-quote-is-layout-flow\">\n<p>Depuis l&rsquo;annonce du Parquet militaire de Bamako, plusieurs publications circulent sur Telegram, Threads et Facebook au sujet de l&rsquo;Adjudant Moussa Diane. Certaines pr\u00e9tendent notamment qu&rsquo;il aurait \u00e9t\u00e9 <em>\u00ab r\u00e9cemment lib\u00e9r\u00e9 de prison pour des faits de braquage lors des \u00e9v\u00e9nements du 18 ao\u00fbt 2020 \u00bb<\/em> \u2014 date du coup d&rsquo;\u00c9tat qui a port\u00e9 Assimi Go\u00efta au pouvoir. <strong>\u26a0\ufe0f Position de Livoiroi :<\/strong> Ces affirmations n\u2019apparaissent <strong>dans aucun communiqu\u00e9 officiel<\/strong> du Parquet militaire de Bamako, ni dans les d\u00e9p\u00eaches des agences de presse ind\u00e9pendantes. Elles proviennent exclusivement de cha\u00eenes Telegram et de comptes de r\u00e9seaux sociaux non identifi\u00e9s comme sources primaires fiables. De m\u00eame, plusieurs photos pr\u00e9sent\u00e9es comme \u00e9tant celles du suspect circulent sans authentification officielle. Tant que les autorit\u00e9s judiciaires maliennes n\u2019auront pas confirm\u00e9 ces \u00e9l\u00e9ments, Livoiroi s\u2019abstient de les relayer comme des faits \u00e9tablis. Ce serait contraire \u00e0 notre charte \u00e9ditoriale et au respect d\u00fb \u00e0 toute personne pr\u00e9sum\u00e9e innocente. Nous suivrons l\u2019\u00e9volution officielle du dossier et compl\u00e8terons cet article au fur et \u00e0 mesure que les autorit\u00e9s comp\u00e9tentes communiqueront des \u00e9l\u00e9ments v\u00e9rifiables.<\/p>\n<\/blockquote>\n\n\n\n<hr class=\"wp-block-separator has-alpha-channel-opacity\"\/>\n\n\n\n<h2 class=\"wp-block-heading\">Une enqu\u00eate qui pourrait redessiner la s\u00e9curit\u00e9 malienne<\/h2>\n\n\n\n<p>L&rsquo;identification de quatre militaires en activit\u00e9 comme pr\u00e9sum\u00e9s complices des attaques du 25 avril 2026 marque un tournant. Si les charges sont confirm\u00e9es, le Mali devra non seulement juger des hommes \u2014 il devra surtout r\u00e9former une institution militaire dont une partie a peut-\u00eatre \u00e9t\u00e9 infiltr\u00e9e. C&rsquo;est un travail long, douloureux, mais essentiel. Pour Bamako, l&rsquo;enjeu n&rsquo;est plus seulement de retrouver les complices d&rsquo;hier. C&rsquo;est de garantir qu&rsquo;il n&rsquo;y en aura plus demain. Livoiroi suivra l&rsquo;enqu\u00eate jusqu&rsquo;\u00e0 son aboutissement.<\/p>\n\n\n\n<hr class=\"wp-block-separator has-alpha-channel-opacity\"\/>\n\n\n\n<h2 class=\"wp-block-heading\">FAQ \u2014 Tout savoir sur l&rsquo;enqu\u00eate Moussa Diane et les attaques du 25 avril<\/h2>\n\n\n\n<h3 class=\"wp-block-heading\">Qui est l&rsquo;Adjudant Moussa Diane ?<\/h3>\n\n\n\n<p>L&rsquo;<strong>Adjudant Moussa Diane<\/strong> est un militaire malien en activit\u00e9, identifi\u00e9 officiellement par le Parquet militaire de Bamako le 1er mai 2026 parmi les pr\u00e9sum\u00e9s complices des attaques terroristes du 25 avril 2026. Il b\u00e9n\u00e9ficie de la pr\u00e9somption d&rsquo;innocence.<\/p>\n\n\n\n<h3 class=\"wp-block-heading\">Combien de militaires sont mis en cause par le Parquet militaire de Bamako ?<\/h3>\n\n\n\n<p><strong>Quatre militaires<\/strong> sont formellement identifi\u00e9s : le Sergent Diakaridia Sodio, l&rsquo;Adjudant Moussa Diane, l&rsquo;Adjudant-chef Mamadou Keita (tous trois en activit\u00e9) et So\u00efba Diarra (\u00e0 la retraite). Un cinqui\u00e8me, Alassane Diallo dit \u00ab Abedi \u00bb, militaire radi\u00e9, est mort lors des combats.<\/p>\n\n\n\n<h3 class=\"wp-block-heading\">Qui est Oumar Mariko et pourquoi est-il cit\u00e9 dans l&rsquo;affaire ?<\/h3>\n\n\n\n<p>Le <strong>Docteur Oumar Mariko<\/strong> est une figure historique de l&rsquo;opposition malienne, ancien secr\u00e9taire g\u00e9n\u00e9ral du parti SADI. Le Parquet militaire \u00e9voque son \u00ab implication notoire \u00bb, l&rsquo;ayant aper\u00e7u le 22 avril 2026 dans une zone contr\u00f4l\u00e9e par le GSIM\/JNIM aux c\u00f4t\u00e9s de militaires maliens otages.<\/p>\n\n\n\n<h3 class=\"wp-block-heading\">O\u00f9 l&rsquo;Adjudant Moussa Diane a-t-il \u00e9t\u00e9 arr\u00eat\u00e9 ?<\/h3>\n\n\n\n<p>Selon plusieurs sources concordantes, il aurait \u00e9t\u00e9 appr\u00e9hend\u00e9 \u00e0 <strong>Bougouni<\/strong>, ville du sud du Mali situ\u00e9e sur l&rsquo;axe strat\u00e9gique vers la C\u00f4te d&rsquo;Ivoire. Sa fuite pr\u00e9sum\u00e9e vers la C\u00f4te d&rsquo;Ivoire renforce la dimension r\u00e9gionale du dossier.<\/p>\n\n\n\n<h3 class=\"wp-block-heading\">Qu&rsquo;a annonc\u00e9 le Parquet militaire de Bamako sur les attaques du 25 avril ?<\/h3>\n\n\n\n<p>Le 1er mai 2026, le Procureur de la R\u00e9publique pr\u00e8s le Tribunal militaire de Bamako a annonc\u00e9 l&rsquo;ouverture d&rsquo;une enqu\u00eate, l&rsquo;identification de complices internes \u00e0 l&rsquo;arm\u00e9e et les premi\u00e8res interpellations. Il a \u00e9galement cit\u00e9 l&rsquo;opposant Oumar Mariko et assur\u00e9 que les recherches se poursuivent activement.<\/p>\n\n\n\n<hr class=\"wp-block-separator has-alpha-channel-opacity\"\/>\n\n\n\n<p><em>\ud83d\udccc <strong>Note de transparence :<\/strong> Cet article s&rsquo;appuie sur des sources v\u00e9rifi\u00e9es : <a href=\"https:\/\/libreinfo.net\" target=\"_blank\" rel=\"noreferrer noopener\">Libre Info<\/a>, <a href=\"https:\/\/senego.com\" target=\"_blank\" rel=\"noreferrer noopener\">Senego<\/a>, <a href=\"https:\/\/lanouvelletribune.info\" target=\"_blank\" rel=\"noreferrer noopener\">La Nouvelle Tribune<\/a>, <a href=\"https:\/\/www.lemandatexpress.net\" target=\"_blank\" rel=\"noreferrer noopener\">Le Mandat Express<\/a>, <a href=\"https:\/\/fr.apanews.net\" target=\"_blank\" rel=\"noreferrer noopener\">APA News<\/a>, communiqu\u00e9 officiel du Parquet militaire de Bamako du 1er mai 2026. Conform\u00e9ment \u00e0 la charte \u00e9ditoriale de <a href=\"https:\/\/ivoiroi.com\" target=\"_blank\" rel=\"noreferrer noopener\">Livoiroi<\/a> et au respect de la pr\u00e9somption d&rsquo;innocence. Publi\u00e9 le 2 mai 2026.<\/em><\/p>\n\n\n\n<p><\/p>\n","protected":false},"excerpt":{"rendered":"<p>Le 1er mai 2026, le Parquet militaire de Bamako a fait tomber un nom qui r\u00e9sonne d\u00e9sormais dans tout le<\/p>\n","protected":false},"author":1,"featured_media":1053,"comment_status":"closed","ping_status":"open","sticky":false,"template":"","format":"standard","meta":{"colormag_page_container_layout":"default_layout","colormag_page_sidebar_layout":"default_layout","footnotes":""},"categories":[19],"tags":[78,79],"class_list":["post-1052","post","type-post","status-publish","format-standard","has-post-thumbnail","hentry","category-international","tag-mali","tag-politique"],"magazineBlocksPostFeaturedMedia":{"thumbnail":"https:\/\/ivoiroi.com\/wp-content\/uploads\/2026\/05\/IMG_0051-150x150.jpeg","medium":"https:\/\/ivoiroi.com\/wp-content\/uploads\/2026\/05\/IMG_0051-260x300.jpeg","medium_large":"https:\/\/ivoiroi.com\/wp-content\/uploads\/2026\/05\/IMG_0051.jpeg","large":"https:\/\/ivoiroi.com\/wp-content\/uploads\/2026\/05\/IMG_0051.jpeg","1536x1536":"https:\/\/ivoiroi.com\/wp-content\/uploads\/2026\/05\/IMG_0051.jpeg","2048x2048":"https:\/\/ivoiroi.com\/wp-content\/uploads\/2026\/05\/IMG_0051.jpeg","colormag-highlighted-post":"https:\/\/ivoiroi.com\/wp-content\/uploads\/2026\/05\/IMG_0051-392x272.jpeg","colormag-featured-post-medium":"https:\/\/ivoiroi.com\/wp-content\/uploads\/2026\/05\/IMG_0051-390x205.jpeg","colormag-featured-post-small":"https:\/\/ivoiroi.com\/wp-content\/uploads\/2026\/05\/IMG_0051-130x90.jpeg","colormag-featured-image":"https:\/\/ivoiroi.com\/wp-content\/uploads\/2026\/05\/IMG_0051-416x445.jpeg","colormag-default-news":"https:\/\/ivoiroi.com\/wp-content\/uploads\/2026\/05\/IMG_0051-150x150.jpeg","colormag-featured-image-large":"https:\/\/ivoiroi.com\/wp-content\/uploads\/2026\/05\/IMG_0051.jpeg"},"magazineBlocksPostAuthor":{"name":"rdouele","avatar":"https:\/\/secure.gravatar.com\/avatar\/83b83ed3417eeba1389d4503db5ff4fcc4ab98b635bc11213e521a303fef9f0e?s=96&d=mm&r=g"},"magazineBlocksPostCommentsNumber":false,"magazineBlocksPostExcerpt":"Le 1er mai 2026, le Parquet militaire de Bamako a fait tomber un nom qui r\u00e9sonne d\u00e9sormais dans tout le","magazineBlocksPostCategories":["International"],"magazineBlocksPostViewCount":13,"magazineBlocksPostReadTime":9,"magazine_blocks_featured_image_url":{"full":["https:\/\/ivoiroi.com\/wp-content\/uploads\/2026\/05\/IMG_0051.jpeg",416,480,false],"medium":["https:\/\/ivoiroi.com\/wp-content\/uploads\/2026\/05\/IMG_0051-260x300.jpeg",260,300,true],"thumbnail":["https:\/\/ivoiroi.com\/wp-content\/uploads\/2026\/05\/IMG_0051-150x150.jpeg",150,150,true]},"magazine_blocks_author":{"display_name":"rdouele","author_link":"https:\/\/ivoiroi.com\/index.php\/author\/rdouele\/"},"magazine_blocks_comment":0,"magazine_blocks_author_image":"https:\/\/secure.gravatar.com\/avatar\/83b83ed3417eeba1389d4503db5ff4fcc4ab98b635bc11213e521a303fef9f0e?s=96&d=mm&r=g","magazine_blocks_category":"<a href=\"#\" class=\"category-link category-link-19\">International<\/a>","_links":{"self":[{"href":"https:\/\/ivoiroi.com\/index.php\/wp-json\/wp\/v2\/posts\/1052","targetHints":{"allow":["GET"]}}],"collection":[{"href":"https:\/\/ivoiroi.com\/index.php\/wp-json\/wp\/v2\/posts"}],"about":[{"href":"https:\/\/ivoiroi.com\/index.php\/wp-json\/wp\/v2\/types\/post"}],"author":[{"embeddable":true,"href":"https:\/\/ivoiroi.com\/index.php\/wp-json\/wp\/v2\/users\/1"}],"replies":[{"embeddable":true,"href":"https:\/\/ivoiroi.com\/index.php\/wp-json\/wp\/v2\/comments?post=1052"}],"version-history":[{"count":5,"href":"https:\/\/ivoiroi.com\/index.php\/wp-json\/wp\/v2\/posts\/1052\/revisions"}],"predecessor-version":[{"id":1062,"href":"https:\/\/ivoiroi.com\/index.php\/wp-json\/wp\/v2\/posts\/1052\/revisions\/1062"}],"wp:featuredmedia":[{"embeddable":true,"href":"https:\/\/ivoiroi.com\/index.php\/wp-json\/wp\/v2\/media\/1053"}],"wp:attachment":[{"href":"https:\/\/ivoiroi.com\/index.php\/wp-json\/wp\/v2\/media?parent=1052"}],"wp:term":[{"taxonomy":"category","embeddable":true,"href":"https:\/\/ivoiroi.com\/index.php\/wp-json\/wp\/v2\/categories?post=1052"},{"taxonomy":"post_tag","embeddable":true,"href":"https:\/\/ivoiroi.com\/index.php\/wp-json\/wp\/v2\/tags?post=1052"}],"curies":[{"name":"wp","href":"https:\/\/api.w.org\/{rel}","templated":true}]}}