{"id":1045,"date":"2026-05-02T13:10:03","date_gmt":"2026-05-02T11:10:03","guid":{"rendered":"https:\/\/ivoiroi.com\/?p=1045"},"modified":"2026-05-02T13:12:22","modified_gmt":"2026-05-02T11:12:22","slug":"snc-2026-bobo-dioulasso-decoration-acteurs-culture-22e-edition","status":"publish","type":"post","link":"https:\/\/ivoiroi.com\/index.php\/2026\/05\/02\/snc-2026-bobo-dioulasso-decoration-acteurs-culture-22e-edition\/","title":{"rendered":"\ud83c\udde7\ud83c\uddeb International \u00b7 Culture \u2014 BOBO-DIOULASSO : Ce samedi 2 mai 2026, 18 acteurs culturels burkinab\u00e8 d\u00e9cor\u00e9s \u2014 dont 2 \u00e0 titre posthume."},"content":{"rendered":"\n<hr class=\"wp-block-separator has-alpha-channel-opacity\"\/>\n\n\n\n<p><strong>Ce samedi 2 mai 2026, la Maison de la Culture Mgr Anselme Titiama Sanon de Bobo-Dioulasso a vibr\u00e9 au rythme d&rsquo;une c\u00e9r\u00e9monie charg\u00e9e d&rsquo;\u00e9motion et de symboles. 18 acteurs du monde culturel burkinab\u00e8 ont \u00e9t\u00e9 d\u00e9cor\u00e9s pour leur engagement, leur talent et leur d\u00e9vouement. Deux d&rsquo;entre eux ont \u00e9t\u00e9 \u00e9lev\u00e9s au prestigieux rang d&rsquo;Officier de l&rsquo;Ordre de l&rsquo;\u00c9talon. Seize autres ont re\u00e7u des distinctions dans l&rsquo;Ordre des Arts, des Lettres et de la Communication \u2014 dont deux \u00e0 titre posthume. Bien plus qu&rsquo;une simple remise de m\u00e9dailles, cette c\u00e9r\u00e9monie a marqu\u00e9 la cl\u00f4ture en beaut\u00e9 d&rsquo;une 22e \u00e9dition de la SNC qui aura tenu toutes ses promesses.<\/strong><\/p>\n\n\n\n<hr class=\"wp-block-separator has-alpha-channel-opacity\"\/>\n\n\n\n<h2 class=\"wp-block-heading\">Ce qui s&rsquo;est pass\u00e9 ce 2 mai 2026 \u00e0 la Maison de la Culture<\/h2>\n\n\n\n<p>La c\u00e9r\u00e9monie de d\u00e9coration s&rsquo;est tenue dans le cadre solennel de la <strong>Maison de la Culture Mgr Anselme Titiama Sanon<\/strong>, haut lieu embl\u00e9matique de la cit\u00e9 de Sya, l&rsquo;autre nom de Bobo-Dioulasso, capitale culturelle du Burkina Faso. Voici le d\u00e9tail des distinctions remises :<\/p>\n\n\n\n<ul class=\"wp-block-list\">\n<li><strong>Ordre de l&rsquo;\u00c9talon \u2014 Grade d&rsquo;Officier :<\/strong> 2 personnalit\u00e9s \u00e9lev\u00e9es \u00e0 cette distinction, l&rsquo;une des plus hautes reconnaissances de l&rsquo;\u00c9tat burkinab\u00e8<\/li>\n\n\n\n<li><strong>Ordre des Arts, des Lettres et de la Communication :<\/strong> 16 distinctions remises<\/li>\n\n\n\n<li><strong>Hommages posthumes :<\/strong> 2 r\u00e9compenses \u00e0 titre posthume parmi les 16 distinctions de l&rsquo;Ordre des Arts, des Lettres et de la Communication<\/li>\n\n\n\n<li><strong>Total :<\/strong> 18 acteurs culturels honor\u00e9s en une seule c\u00e9r\u00e9monie<\/li>\n<\/ul>\n\n\n\n<hr class=\"wp-block-separator has-alpha-channel-opacity\"\/>\n\n\n\n<h2 class=\"wp-block-heading\">La SNC 2026 \u2014 une \u00e9dition exceptionnelle qui s&rsquo;ach\u00e8ve en beaut\u00e9<\/h2>\n\n\n\n<p>Cette c\u00e9r\u00e9monie de d\u00e9coration n&rsquo;est pas un \u00e9v\u00e9nement isol\u00e9. Elle cl\u00f4ture la <strong>22e \u00e9dition de la Semaine Nationale de la Culture (SNC)<\/strong>, qui s&rsquo;est tenue du <strong>25 avril au 2 mai 2026<\/strong> \u00e0 Bobo-Dioulasso. Quelques chiffres pour mesurer l&rsquo;ampleur de l&rsquo;\u00e9v\u00e9nement :<\/p>\n\n\n\n<ul class=\"wp-block-list\">\n<li><strong>750 000 festivaliers<\/strong> attendus \u00e0 Bobo-Dioulasso<\/li>\n\n\n\n<li><strong>3 000 artistes<\/strong> mobilis\u00e9s en comp\u00e9tition et en animation<\/li>\n\n\n\n<li><strong>1 799 artistes et athl\u00e8tes nationaux<\/strong> en comp\u00e9tition officielle<\/li>\n\n\n\n<li><strong>Disciplines couvertes :<\/strong> arts du spectacle, arts plastiques, litt\u00e9rature, art culinaire, sports traditionnels<\/li>\n\n\n\n<li><strong>Pays invit\u00e9 d&rsquo;honneur :<\/strong> le Ghana<\/li>\n\n\n\n<li><strong>D\u00e9l\u00e9gations pr\u00e9sentes :<\/strong> Mali, Niger, Russie, Tchad, et la diaspora burkinab\u00e8 en C\u00f4te d&rsquo;Ivoire<\/li>\n\n\n\n<li><strong>Retransmission TV :<\/strong> en direct sur les cha\u00eenes nationales du Burkina, du Mali et du Niger<\/li>\n<\/ul>\n\n\n\n<p>Le th\u00e8me de cette \u00e9dition \u2014 <em>\u00ab Culture, jeunesse et transmission des valeurs sociales \u00bb<\/em> \u2014 a guid\u00e9 toutes les manifestations.<\/p>\n\n\n\n<hr class=\"wp-block-separator has-alpha-channel-opacity\"\/>\n\n\n\n<figure class=\"wp-block-image size-full is-resized\"><img loading=\"lazy\" decoding=\"async\" width=\"960\" height=\"540\" src=\"https:\/\/ivoiroi.com\/wp-content\/uploads\/2026\/05\/IMG_0045.jpeg\" alt=\"BOBO-DIOULASSO : Ce samedi 2 mai 2026, 18 acteurs culturels burkinab\u00e8 d\u00e9cor\u00e9s \u2014 dont 2 \u00e0 titre posthume.\" class=\"wp-image-1048\" style=\"width:1004px;height:auto\" srcset=\"https:\/\/ivoiroi.com\/wp-content\/uploads\/2026\/05\/IMG_0045.jpeg 960w, https:\/\/ivoiroi.com\/wp-content\/uploads\/2026\/05\/IMG_0045-300x169.jpeg 300w, https:\/\/ivoiroi.com\/wp-content\/uploads\/2026\/05\/IMG_0045-768x432.jpeg 768w\" sizes=\"auto, (max-width: 960px) 100vw, 960px\" \/><\/figure>\n\n\n\n<hr class=\"wp-block-separator has-alpha-channel-opacity\"\/>\n\n\n\n<h2 class=\"wp-block-heading\"> pourquoi ces d\u00e9corations valent plus que des m\u00e9dailles<\/h2>\n\n\n\n<p>Dans l&rsquo;imaginaire courant, une c\u00e9r\u00e9monie de d\u00e9coration peut sembler protocolaire. Mais \u00e0 Bobo-Dioulasso ce 2 mai 2026, chaque distinction porte un message politique et social fort :<\/p>\n\n\n\n<p><strong>L&rsquo;Ordre de l&rsquo;\u00c9talon<\/strong> est l&rsquo;un des plus prestigieux ordres nationaux du Burkina Faso. Y \u00eatre \u00e9lev\u00e9 au rang d&rsquo;Officier signifie que l&rsquo;\u00c9tat reconna\u00eet officiellement votre contribution exceptionnelle \u00e0 la Nation. Pour deux acteurs culturels, c&rsquo;est la cons\u00e9cration d&rsquo;une vie de travail.<\/p>\n\n\n\n<p><strong>L&rsquo;Ordre des Arts, des Lettres et de la Communication<\/strong> r\u00e9compense plus largement l&rsquo;excellence dans les m\u00e9tiers de la cr\u00e9ation. Avec 16 r\u00e9cipiendaires en une seule c\u00e9r\u00e9monie, le Burkina Faso envoie un signal clair : <em>la culture n&rsquo;est pas un luxe, c&rsquo;est un pilier national.<\/em><\/p>\n\n\n\n<p><strong>Les hommages posthumes<\/strong> \u2014 deux cette ann\u00e9e \u2014 rappellent que la culture est un h\u00e9ritage. On honore ceux qui ne sont plus l\u00e0, mais dont l&rsquo;\u0153uvre continue de nourrir l&rsquo;\u00e2me du peuple burkinab\u00e8.<\/p>\n\n\n\n<hr class=\"wp-block-separator has-alpha-channel-opacity\"\/>\n\n\n\n<h2 class=\"wp-block-heading\">la culture comme arme de coh\u00e9sion nationale<\/h2>\n\n\n\n<p>Le gouvernement burkinab\u00e8 ne cesse de le rappeler : <strong>la culture est un moteur essentiel pour la paix et la coh\u00e9sion sociale au Burkina Faso.<\/strong> Cette affirmation prend tout son sens dans le contexte s\u00e9curitaire actuel du pays.<\/p>\n\n\n\n<p>Voici ce qu&rsquo;il faut comprendre :<\/p>\n\n\n\n<ul class=\"wp-block-list\">\n<li><strong>Tenir la SNC en 2026 est en soi un acte de r\u00e9sistance.<\/strong> Dans un Burkina Faso confront\u00e9 \u00e0 de multiples d\u00e9fis s\u00e9curitaires, organiser une f\u00eate culturelle nationale d&rsquo;une telle ampleur, c&rsquo;est affirmer que le pays vit, cr\u00e9e, c\u00e9l\u00e8bre et r\u00e9siste.<\/li>\n\n\n\n<li><strong>La SNC unit les r\u00e9gions et la diaspora.<\/strong> Les artistes des 17 r\u00e9gions du Burkina Faso et de la diaspora (C\u00f4te d&rsquo;Ivoire, Mali, Niger) ont concouru ensemble. La culture comme ciment d&rsquo;une nation menac\u00e9e de fragmentation.<\/li>\n\n\n\n<li><strong>L&rsquo;AES en filigrane.<\/strong> Cette \u00e9dition a \u00e9t\u00e9 coupl\u00e9e \u00e0 la 2e Semaine de la Fraternit\u00e9 de la Conf\u00e9d\u00e9ration des \u00c9tats du Sahel (AES). Les Premiers ministres du Mali et du Niger \u00e9taient pr\u00e9sents. La culture devient un outil diplomatique r\u00e9gional.<\/li>\n<\/ul>\n\n\n\n<hr class=\"wp-block-separator has-alpha-channel-opacity\"\/>\n\n\n\n<h2 class=\"wp-block-heading\"> le message envoy\u00e9 au monde par Bobo-Dioulasso<\/h2>\n\n\n\n<p>Pendant que certains analystes occidentaux d\u00e9crivent l&rsquo;AES comme un bloc \u00ab isol\u00e9 \u00bb sur la sc\u00e8ne internationale, la SNC 2026 a d\u00e9montr\u00e9 exactement le contraire :<\/p>\n\n\n\n<ul class=\"wp-block-list\">\n<li><strong>Le Ghana<\/strong> \u2014 pays anglophone, voisin historique mais politiquement parfois distant \u2014 \u00e9tait l&rsquo;invit\u00e9 d&rsquo;honneur officiel de l&rsquo;\u00e9v\u00e9nement<\/li>\n\n\n\n<li><strong>La Russie<\/strong> avait sa d\u00e9l\u00e9gation, confirmant le rapprochement strat\u00e9gique avec Moscou<\/li>\n\n\n\n<li><strong>Le Tchad<\/strong> \u00e9tait pr\u00e9sent \u2014 un signal envers le voisinage imm\u00e9diat<\/li>\n\n\n\n<li><strong>La C\u00f4te d&rsquo;Ivoire<\/strong> \u00e9tait repr\u00e9sent\u00e9e par sa diaspora burkinab\u00e8 \u2014 un pont culturel entre Abidjan et Ouagadougou par-del\u00e0 les tensions diplomatiques r\u00e9centes<\/li>\n<\/ul>\n\n\n\n<p><strong>Le d\u00e9cryptage Livoiroi :<\/strong> Bobo-Dioulasso n&rsquo;a pas seulement c\u00e9l\u00e9br\u00e9 sa culture. Elle a d\u00e9montr\u00e9 que le Burkina Faso d&rsquo;Ibrahim Traor\u00e9 sait encore parler \u00e0 tout le monde \u2014 \u00e0 l&rsquo;Est comme \u00e0 l&rsquo;Ouest, au Nord comme au Sud \u2014 quand il s&rsquo;agit de culture.<\/p>\n\n\n\n<hr class=\"wp-block-separator has-alpha-channel-opacity\"\/>\n\n\n\n<h2 class=\"wp-block-heading\">Quand les m\u00e9dailles parlent plus fort que les armes<\/h2>\n\n\n\n<p>Ce samedi 2 mai 2026, dans la salle solennelle de la Maison de la Culture de Bobo-Dioulasso, 18 hommes et femmes ont re\u00e7u plus que des m\u00e9dailles. Ils ont re\u00e7u la reconnaissance d&rsquo;un peuple. Et le Burkina Faso, \u00e0 travers ces honneurs, a rappel\u00e9 une v\u00e9rit\u00e9 simple mais essentielle : <strong>un peuple qui honore ses artistes est un peuple qui sait qui il est.<\/strong> Dans un monde o\u00f9 le Sahel est trop souvent r\u00e9duit \u00e0 ses crises s\u00e9curitaires, Bobo-Dioulasso vient de rappeler que cette r\u00e9gion est aussi \u2014 et peut-\u00eatre surtout \u2014 un berceau vivant de cultures, de talents et de m\u00e9moires. Livoiroi salue les 18 d\u00e9cor\u00e9s.<\/p>\n\n\n\n<hr class=\"wp-block-separator has-alpha-channel-opacity\"\/>\n\n\n\n<h2 class=\"wp-block-heading\">FAQ \u2014 Tout savoir sur la c\u00e9r\u00e9monie de d\u00e9coration SNC 2026<\/h2>\n\n\n\n<h3 class=\"wp-block-heading\">Combien d&rsquo;acteurs culturels ont \u00e9t\u00e9 d\u00e9cor\u00e9s \u00e0 la SNC 2026 ?<\/h3>\n\n\n\n<p><strong>18 acteurs culturels<\/strong> au total ont \u00e9t\u00e9 d\u00e9cor\u00e9s ce 2 mai 2026 \u00e0 Bobo-Dioulasso : <strong>2 \u00e9lev\u00e9s \u00e0 l&rsquo;Ordre de l&rsquo;\u00c9talon (grade d&rsquo;Officier)<\/strong> et <strong>16 dans l&rsquo;Ordre des Arts, des Lettres et de la Communication<\/strong>, dont 2 hommages \u00e0 titre posthume.<\/p>\n\n\n\n<h3 class=\"wp-block-heading\">Qu&rsquo;est-ce que l&rsquo;Ordre de l&rsquo;\u00c9talon ?<\/h3>\n\n\n\n<p>L&rsquo;<strong>Ordre de l&rsquo;\u00c9talon<\/strong> est l&rsquo;un des plus prestigieux ordres nationaux du Burkina Faso. Il r\u00e9compense les services exceptionnels rendus \u00e0 la Nation. Le grade d&rsquo;Officier est l&rsquo;un des plus \u00e9lev\u00e9s.<\/p>\n\n\n\n<h3 class=\"wp-block-heading\">O\u00f9 s&rsquo;est tenue la c\u00e9r\u00e9monie de d\u00e9coration ?<\/h3>\n\n\n\n<p>\u00c0 la <strong>Maison de la Culture Mgr Anselme Titiama Sanon de Bobo-Dioulasso<\/strong>, principal lieu culturel de la cit\u00e9 de Sya, dans le cadre de la 22e \u00e9dition de la Semaine Nationale de la Culture.<\/p>\n\n\n\n<h3 class=\"wp-block-heading\">Quel \u00e9tait le th\u00e8me de la SNC 2026 ?<\/h3>\n\n\n\n<p>Le th\u00e8me officiel \u00e9tait : <em>\u00ab Culture, jeunesse et transmission des valeurs sociales \u00bb<\/em>. La SNC 2026 s&rsquo;est d\u00e9roul\u00e9e du 25 avril au 2 mai 2026 \u00e0 Bobo-Dioulasso.<\/p>\n\n\n\n<h3 class=\"wp-block-heading\">Quel pays \u00e9tait l&rsquo;invit\u00e9 d&rsquo;honneur de la SNC 2026 ?<\/h3>\n\n\n\n<p>Le <strong>Ghana<\/strong> \u00e9tait le pays invit\u00e9 d&rsquo;honneur de cette 22e \u00e9dition, marquant un rapprochement culturel entre les deux nations voisines.<\/p>\n\n\n\n<h3 class=\"wp-block-heading\">Qui a pr\u00e9sid\u00e9 la c\u00e9r\u00e9monie d&rsquo;ouverture de la SNC 2026 ?<\/h3>\n\n\n\n<p>Le <strong>Capitaine Ibrahim Traor\u00e9<\/strong>, Pr\u00e9sident du Faso, a pr\u00e9sid\u00e9 la c\u00e9r\u00e9monie d&rsquo;ouverture le 25 avril 2026 au Stade G\u00e9n\u00e9ral Sangoul\u00e9 Lamizana de Bobo-Dioulasso, accompagn\u00e9 des Premiers ministres du Mali et du Niger.<\/p>\n\n\n\n<hr class=\"wp-block-separator has-alpha-channel-opacity\"\/>\n\n\n\n<p><em>\ud83d\udccc <strong>Note de transparence :<\/strong> Cet article s&rsquo;appuie sur des sources v\u00e9rifi\u00e9es : <a href=\"https:\/\/burkina24.com\" target=\"_blank\" rel=\"noreferrer noopener\">Burkina24<\/a>, <a href=\"https:\/\/www.fasoamazone.net\" target=\"_blank\" rel=\"noreferrer noopener\">FasoAmazone<\/a>, <a href=\"https:\/\/lefaso.net\" target=\"_blank\" rel=\"noreferrer noopener\">LeFaso.net<\/a>, <a href=\"https:\/\/www.lesahel.org\" target=\"_blank\" rel=\"noreferrer noopener\">Le Sahel<\/a>, <a href=\"https:\/\/www.minute.bf\" target=\"_blank\" rel=\"noreferrer noopener\">Minute.bf<\/a>. Conform\u00e9ment \u00e0 la charte \u00e9ditoriale de <a href=\"https:\/\/ivoiroi.com\" target=\"_blank\" rel=\"noreferrer noopener\">Livoiroi<\/a>. Publi\u00e9 le 2 mai 2026.<\/em><\/p>\n\n\n\n<p><\/p>\n","protected":false},"excerpt":{"rendered":"<p>Ce samedi 2 mai 2026, la Maison de la Culture Mgr Anselme Titiama Sanon de Bobo-Dioulasso a vibr\u00e9 au rythme<\/p>\n","protected":false},"author":1,"featured_media":1046,"comment_status":"closed","ping_status":"open","sticky":false,"template":"","format":"standard","meta":{"colormag_page_container_layout":"default_layout","colormag_page_sidebar_layout":"default_layout","footnotes":""},"categories":[19],"tags":[76,77],"class_list":["post-1045","post","type-post","status-publish","format-standard","has-post-thumbnail","hentry","category-international","tag-burkina","tag-ibrahim-traore"],"magazineBlocksPostFeaturedMedia":{"thumbnail":"https:\/\/ivoiroi.com\/wp-content\/uploads\/2026\/05\/IMG_0043-150x150.jpeg","medium":"https:\/\/ivoiroi.com\/wp-content\/uploads\/2026\/05\/IMG_0043-300x169.jpeg","medium_large":"https:\/\/ivoiroi.com\/wp-content\/uploads\/2026\/05\/IMG_0043-768x432.jpeg","large":"https:\/\/ivoiroi.com\/wp-content\/uploads\/2026\/05\/IMG_0043.jpeg","1536x1536":"https:\/\/ivoiroi.com\/wp-content\/uploads\/2026\/05\/IMG_0043.jpeg","2048x2048":"https:\/\/ivoiroi.com\/wp-content\/uploads\/2026\/05\/IMG_0043.jpeg","colormag-highlighted-post":"https:\/\/ivoiroi.com\/wp-content\/uploads\/2026\/05\/IMG_0043-392x272.jpeg","colormag-featured-post-medium":"https:\/\/ivoiroi.com\/wp-content\/uploads\/2026\/05\/IMG_0043-390x205.jpeg","colormag-featured-post-small":"https:\/\/ivoiroi.com\/wp-content\/uploads\/2026\/05\/IMG_0043-130x90.jpeg","colormag-featured-image":"https:\/\/ivoiroi.com\/wp-content\/uploads\/2026\/05\/IMG_0043-800x445.jpeg","colormag-default-news":"https:\/\/ivoiroi.com\/wp-content\/uploads\/2026\/05\/IMG_0043-150x150.jpeg","colormag-featured-image-large":"https:\/\/ivoiroi.com\/wp-content\/uploads\/2026\/05\/IMG_0043.jpeg"},"magazineBlocksPostAuthor":{"name":"rdouele","avatar":"https:\/\/secure.gravatar.com\/avatar\/83b83ed3417eeba1389d4503db5ff4fcc4ab98b635bc11213e521a303fef9f0e?s=96&d=mm&r=g"},"magazineBlocksPostCommentsNumber":false,"magazineBlocksPostExcerpt":"Ce samedi 2 mai 2026, la Maison de la Culture Mgr Anselme Titiama Sanon de Bobo-Dioulasso a vibr\u00e9 au rythme","magazineBlocksPostCategories":["International"],"magazineBlocksPostViewCount":14,"magazineBlocksPostReadTime":7,"magazine_blocks_featured_image_url":{"full":["https:\/\/ivoiroi.com\/wp-content\/uploads\/2026\/05\/IMG_0043.jpeg",960,540,false],"medium":["https:\/\/ivoiroi.com\/wp-content\/uploads\/2026\/05\/IMG_0043-300x169.jpeg",300,169,true],"thumbnail":["https:\/\/ivoiroi.com\/wp-content\/uploads\/2026\/05\/IMG_0043-150x150.jpeg",150,150,true]},"magazine_blocks_author":{"display_name":"rdouele","author_link":"https:\/\/ivoiroi.com\/index.php\/author\/rdouele\/"},"magazine_blocks_comment":0,"magazine_blocks_author_image":"https:\/\/secure.gravatar.com\/avatar\/83b83ed3417eeba1389d4503db5ff4fcc4ab98b635bc11213e521a303fef9f0e?s=96&d=mm&r=g","magazine_blocks_category":"<a href=\"#\" class=\"category-link category-link-19\">International<\/a>","_links":{"self":[{"href":"https:\/\/ivoiroi.com\/index.php\/wp-json\/wp\/v2\/posts\/1045","targetHints":{"allow":["GET"]}}],"collection":[{"href":"https:\/\/ivoiroi.com\/index.php\/wp-json\/wp\/v2\/posts"}],"about":[{"href":"https:\/\/ivoiroi.com\/index.php\/wp-json\/wp\/v2\/types\/post"}],"author":[{"embeddable":true,"href":"https:\/\/ivoiroi.com\/index.php\/wp-json\/wp\/v2\/users\/1"}],"replies":[{"embeddable":true,"href":"https:\/\/ivoiroi.com\/index.php\/wp-json\/wp\/v2\/comments?post=1045"}],"version-history":[{"count":1,"href":"https:\/\/ivoiroi.com\/index.php\/wp-json\/wp\/v2\/posts\/1045\/revisions"}],"predecessor-version":[{"id":1049,"href":"https:\/\/ivoiroi.com\/index.php\/wp-json\/wp\/v2\/posts\/1045\/revisions\/1049"}],"wp:featuredmedia":[{"embeddable":true,"href":"https:\/\/ivoiroi.com\/index.php\/wp-json\/wp\/v2\/media\/1046"}],"wp:attachment":[{"href":"https:\/\/ivoiroi.com\/index.php\/wp-json\/wp\/v2\/media?parent=1045"}],"wp:term":[{"taxonomy":"category","embeddable":true,"href":"https:\/\/ivoiroi.com\/index.php\/wp-json\/wp\/v2\/categories?post=1045"},{"taxonomy":"post_tag","embeddable":true,"href":"https:\/\/ivoiroi.com\/index.php\/wp-json\/wp\/v2\/tags?post=1045"}],"curies":[{"name":"wp","href":"https:\/\/api.w.org\/{rel}","templated":true}]}}