{"id":1015,"date":"2026-05-01T13:41:01","date_gmt":"2026-05-01T11:41:01","guid":{"rendered":"https:\/\/ivoiroi.com\/?p=1015"},"modified":"2026-05-01T14:56:30","modified_gmt":"2026-05-01T12:56:30","slug":"burkina-curage-barrages-ouagadougou-sombie-1er-mai-2026","status":"publish","type":"post","link":"https:\/\/ivoiroi.com\/index.php\/2026\/05\/01\/burkina-curage-barrages-ouagadougou-sombie-1er-mai-2026\/","title":{"rendered":"\ud83c\udde7\ud83c\uddeb Burkina Faso \u00b7 Soci\u00e9t\u00e9| Lancement officiel ce vendredi des travaux de curage des barrages de Ouagadougou| une course contre la montre avant les premi\u00e8res pluies."},"content":{"rendered":"\n<blockquote class=\"wp-block-quote is-layout-flow wp-block-quote-is-layout-flow\">\n<p><em>Le ministre d&rsquo;\u00c9tat Commandant Isma\u00ebl Sombi\u00e9 et sa d\u00e9l\u00e9gation officielle sur le site de curage des barrages de Ouagadougou, le 1er mai 2026. \u00a9 DR \/ Livoiroi<\/em><\/p>\n<\/blockquote>\n\n\n\n<hr class=\"wp-block-separator has-alpha-channel-opacity\"\/>\n\n\n\n<p><strong>Ce vendredi 1er mai 2026, pendant que le monde c\u00e9l\u00e8bre la f\u00eate du travail, le Burkina Faso, lui, se retrousse les manches. Le ministre d&rsquo;\u00c9tat charg\u00e9 de l&rsquo;Eau, le Commandant Isma\u00ebl Sombi\u00e9, a officiellement lanc\u00e9 les travaux de curage des cuvettes des barrages 1, 2 et 3 ainsi que du barrage de Boulmiougou \u00e0 Ouagadougou. Derri\u00e8re ce chantier technique se cache une urgence vitale pour des millions de Burkinab\u00e8 : sauver leur eau, prot\u00e9ger leur sant\u00e9, et pr\u00e9parer la ville aux premi\u00e8res pluies. Livoiroi d\u00e9crypte pourquoi cette d\u00e9cision est bien plus importante qu&rsquo;il n&rsquo;y para\u00eet.<\/strong><\/p>\n\n\n\n<hr class=\"wp-block-separator has-alpha-channel-opacity\"\/>\n\n\n\n<h2 class=\"wp-block-heading\">Qui est Isma\u00ebl Sombi\u00e9 et pourquoi sa parole compte<\/h2>\n\n\n\n<p>Le <strong>Commandant Isma\u00ebl Sombi\u00e9<\/strong> n&rsquo;est pas un ministre ordinaire. Ministre d&rsquo;\u00c9tat en charge de l&rsquo;Agriculture, de l&rsquo;Eau, des Ressources animales et halieutiques, il est l&rsquo;un des hommes les plus actifs du gouvernement de la transition burkinab\u00e8 dirig\u00e9e par le Capitaine Ibrahim Traor\u00e9. Ses r\u00e9sultats parlent pour lui : avec un taux de r\u00e9alisation de 95,42 % de son contrat d&rsquo;objectifs 2025, il s&rsquo;affirme comme un acteur cl\u00e9 de la modernisation agricole burkinab\u00e8. Ce n&rsquo;est donc pas un ministre qui annonce \u2014 c&rsquo;est un ministre qui fait.<\/p>\n\n\n\n<hr class=\"wp-block-separator has-alpha-channel-opacity\"\/>\n\n\n\n<h2 class=\"wp-block-heading\">Ce qui se passe concr\u00e8tement ce 1er mai 2026<\/h2>\n\n\n\n<p>Ce vendredi, le coup d&rsquo;envoi officiel a \u00e9t\u00e9 donn\u00e9 pour le <strong>curage des cuvettes de quatre barrages strat\u00e9giques<\/strong> de la capitale burkinab\u00e8 :<\/p>\n\n\n\n<ul class=\"wp-block-list\">\n<li><strong>Barrage n\u00b01<\/strong> \u2014 Ouagadougou<\/li>\n\n\n\n<li><strong>Barrage n\u00b02<\/strong> \u2014 Ouagadougou<\/li>\n\n\n\n<li><strong>Barrage n\u00b03<\/strong> \u2014 Ouagadougou<\/li>\n\n\n\n<li><strong>Barrage de Boulmiougou<\/strong> \u2014 Ouagadougou<\/li>\n<\/ul>\n\n\n\n<p>Ces quatre barrages constituent l&rsquo;\u00e9pine dorsale de la gestion hydrique de la capitale. Les travaux de curage visent \u00e0 restaurer les capacit\u00e9s des barrages afin de leur permettre de jouer pleinement leur r\u00f4le dans la gestion des ressources en eau. Un chantier qui n&rsquo;a pas \u00e9t\u00e9 lanc\u00e9 du jour au lendemain \u2014 il est le fruit de plusieurs mois de pr\u00e9paration.<\/p>\n\n\n\n<figure class=\"wp-block-image size-full is-resized\"><img loading=\"lazy\" decoding=\"async\" width=\"960\" height=\"720\" src=\"https:\/\/ivoiroi.com\/wp-content\/uploads\/2026\/05\/IMG_0038.jpeg\" alt=\"\" class=\"wp-image-1019\" style=\"width:940px;height:auto\" srcset=\"https:\/\/ivoiroi.com\/wp-content\/uploads\/2026\/05\/IMG_0038.jpeg 960w, https:\/\/ivoiroi.com\/wp-content\/uploads\/2026\/05\/IMG_0038-300x225.jpeg 300w, https:\/\/ivoiroi.com\/wp-content\/uploads\/2026\/05\/IMG_0038-768x576.jpeg 768w\" sizes=\"auto, (max-width: 960px) 100vw, 960px\" \/><\/figure>\n\n\n\n<blockquote class=\"wp-block-quote is-layout-flow wp-block-quote-is-layout-flow\">\n<p><em>La c\u00e9r\u00e9monie officielle de lancement des travaux r\u00e9unit militaires, autorit\u00e9s civiles et chefs traditionnels sur le site des barrages de Ouagadougou, 1er mai 2026. \u00a9 DR \/ Livoiro<\/em>i<\/p>\n<\/blockquote>\n\n\n\n<hr class=\"wp-block-separator has-alpha-channel-opacity\"\/>\n\n\n\n<figure class=\"wp-block-image size-full is-resized\"><img loading=\"lazy\" decoding=\"async\" width=\"960\" height=\"720\" src=\"https:\/\/ivoiroi.com\/wp-content\/uploads\/2026\/05\/IMG_0037.jpeg\" alt=\"\" class=\"wp-image-1020\" style=\"width:940px;height:auto\" srcset=\"https:\/\/ivoiroi.com\/wp-content\/uploads\/2026\/05\/IMG_0037.jpeg 960w, https:\/\/ivoiroi.com\/wp-content\/uploads\/2026\/05\/IMG_0037-300x225.jpeg 300w, https:\/\/ivoiroi.com\/wp-content\/uploads\/2026\/05\/IMG_0037-768x576.jpeg 768w\" sizes=\"auto, (max-width: 960px) 100vw, 960px\" \/><\/figure>\n\n\n\n<blockquote class=\"wp-block-quote is-layout-flow wp-block-quote-is-layout-flow\">\n<p><em>Le Commandant Isma\u00ebl Sombi\u00e9 \u00e9change avec les chefs traditionnels et les autorit\u00e9s locales lors du lancement officiel, 1er mai 2026. Un chantier qui appartient \u00e0 tout un peuple. \u00a9 DR \/ Livoiroi<\/em><\/p>\n<\/blockquote>\n\n\n\n<h2 class=\"wp-block-heading\">D\u00e9cryptage : une pr\u00e9paration de plusieurs mois pour un lancement enfin r\u00e9el<\/h2>\n\n\n\n<p>Pour comprendre l&rsquo;importance de ce lancement, il faut revenir en arri\u00e8re. Voici la chronologie qui a men\u00e9 \u00e0 ce jour :<\/p>\n\n\n\n<ul class=\"wp-block-list\">\n<li><strong>24 avril 2025 :<\/strong> Une feuille de route est d\u00e9finie pour la lib\u00e9ration des emprises des barrages, suivie d&rsquo;un atelier d&rsquo;\u00e9valuation des mesures d&rsquo;accompagnement le 11 juillet 2025.<\/li>\n\n\n\n<li><strong>5-6 novembre 2025 :<\/strong> Un forum de sensibilisation est tenu sur la rive gauche du barrage n\u00b02 pour pr\u00e9parer les populations au d\u00e9guerpissement.<\/li>\n\n\n\n<li><strong>Mars 2026 :<\/strong> Lors d&rsquo;une visite dans le Ziro, Sombi\u00e9 instruit ses services techniques d&rsquo;engager des travaux de curage d&rsquo;un barrage ass\u00e9ch\u00e9 depuis janvier 2026 et invite les occupants \u00e0 lib\u00e9rer les berges.<\/li>\n\n\n\n<li><strong>10 avril 2026 :<\/strong> Le Secr\u00e9taire g\u00e9n\u00e9ral adjoint du minist\u00e8re pr\u00e9side une r\u00e9union de concertation r\u00e9unissant la mairie de Ouagadougou, l&rsquo;Agence de l&rsquo;Eau du Nakamb\u00e9, l&rsquo;ONBAH et la Police de l&rsquo;Eau pour examiner la situation des occupants ill\u00e9gaux sur les berges.<\/li>\n\n\n\n<li><strong>14-25 avril 2026 :<\/strong> D\u00e9lai accord\u00e9 pour la lib\u00e9ration des emprises, tenant compte des pr\u00e9occupations des occupants et des contraintes techniques li\u00e9es au calendrier des travaux.<\/li>\n\n\n\n<li><strong>1er mai 2026 :<\/strong> Lancement officiel des travaux par le ministre d&rsquo;\u00c9tat Sombi\u00e9.<\/li>\n<\/ul>\n\n\n\n<hr class=\"wp-block-separator has-alpha-channel-opacity\"\/>\n\n\n\n<h2 class=\"wp-block-heading\">Pourquoi ce chantier est une question de vie ou de mort pour Ouagadougou<\/h2>\n\n\n\n<p>Voici ce que les communiqu\u00e9s officiels ne disent pas assez clairement \u2014 mais que Livoiroi d\u00e9crypte pour vous :<\/p>\n\n\n\n<p><strong>1. L&rsquo;envasement tue les barrages lentement mais s\u00fbrement.<\/strong> Depuis des ann\u00e9es, les berges des barrages de Ouagadougou ont \u00e9t\u00e9 envahies par des mara\u00eechers, des horticulteurs et des constructions ill\u00e9gales. Ces activit\u00e9s contribuent \u00e0 l&rsquo;envasement progressif des cuvettes, r\u00e9duisant leur capacit\u00e9 de r\u00e9tention d&rsquo;eau et leur efficacit\u00e9 dans la gestion des crues.<\/p>\n\n\n\n<p><strong>2. Sans curage, les premi\u00e8res pluies deviennent une catastrophe.<\/strong> L&rsquo;urgence est d&rsquo;\u00e9vacuer les d\u00e9chets et de restaurer les barrages avant que les premi\u00e8res pluies ne transforment les zones envahies en foyers de paludisme, de diarrh\u00e9es et autres infections. \u00c0 Ouagadougou, les premi\u00e8res pluies arrivent g\u00e9n\u00e9ralement en mai-juin. Le timing de ce lancement est donc critique.<\/p>\n\n\n\n<p><strong>3. L&rsquo;eau, c&rsquo;est la souverainet\u00e9.<\/strong> Dans un contexte s\u00e9curitaire difficile o\u00f9 le Burkina Faso fait face \u00e0 de multiples d\u00e9fis, garantir l&rsquo;acc\u00e8s \u00e0 l&rsquo;eau potable pour la capitale n&rsquo;est pas seulement une question environnementale \u2014 c&rsquo;est une question de souverainet\u00e9 nationale et de stabilit\u00e9 sociale.<\/p>\n\n\n\n<hr class=\"wp-block-separator has-alpha-channel-opacity\"\/>\n\n\n\n<h2 class=\"wp-block-heading\">Le curage des barrages, pilier d&rsquo;une strat\u00e9gie nationale plus large<\/h2>\n\n\n\n<p>Le lancement de ce chantier s&rsquo;inscrit dans une vision bien plus ambitieuse port\u00e9e par Sombi\u00e9. Le 10 avril 2026, il avait d\u00e9j\u00e0 lanc\u00e9 l&rsquo;op\u00e9ration \u00ab\u00a0Coup de poing\u00a0\u00bb contre les d\u00e9charges sauvages dans les villes du Burkina Faso, avec l&rsquo;objectif d&rsquo;\u00e9radiquer les d\u00e9charges qui pullulent dans les villes avant la saison des pluies. Le curage des barrages et la lutte contre les d\u00e9charges sauvages sont les deux faces d&rsquo;une m\u00eame m\u00e9daille : <strong>rendre aux Burkinab\u00e8 une capitale saine, propre et r\u00e9siliente.<\/strong><\/p>\n\n\n\n<p>Sur le plan agricole, l&rsquo;ONBAH, en collaboration avec la SONATER et Faso M\u00eabo, a intensifi\u00e9 le curage des barrages et la construction de grandes infrastructures, favorisant la mutualisation des ressources humaines et techniques dans le cadre de l&rsquo;Offensive agropastorale.<\/p>\n\n\n\n<hr class=\"wp-block-separator has-alpha-channel-opacity\"\/>\n\n\n\n<h2 class=\"wp-block-heading\">Ce 1er mai, le Burkina Faso travaille \u2014 et c&rsquo;est un message fort<\/h2>\n\n\n\n<p>Lancer des travaux d&rsquo;utilit\u00e9 publique le jour de la f\u00eate du travail n&rsquo;est pas anodin. C&rsquo;est un symbole fort envoy\u00e9 par la transition burkinab\u00e8 : ici, on ne f\u00eate pas le travail en discours \u2014 on le fait en actes. Pour les millions d&rsquo;habitants de Ouagadougou qui vivent avec la menace du paludisme, des inondations et de la p\u00e9nurie d&rsquo;eau, ce chantier repr\u00e9sente bien plus qu&rsquo;un simple projet technique. C&rsquo;est une promesse concr\u00e8te que l&rsquo;\u00c9tat burkinab\u00e8 tient envers son peuple. Livoiroi suivra l&rsquo;avancement de ces travaux pour vous en rendre compte.<\/p>\n\n\n\n<hr class=\"wp-block-separator has-alpha-channel-opacity\"\/>\n\n\n\n<h2 class=\"wp-block-heading\">FAQ \u2014 Ce que vous devez savoir sur le curage des barrages de Ouagadougou<\/h2>\n\n\n\n<h3 class=\"wp-block-heading\">Pourquoi cure-t-on les barrages de Ouagadougou en mai 2026 ?<\/h3>\n\n\n\n<p>Les travaux sont lanc\u00e9s avant la saison des pluies pour restaurer la capacit\u00e9 de r\u00e9tention des barrages, pr\u00e9venir les inondations et \u00e9liminer les foyers de maladies comme le paludisme. Le lancement a eu lieu le 1er mai 2026 sous l&rsquo;autorit\u00e9 du ministre d&rsquo;\u00c9tat <strong>Isma\u00ebl Sombi\u00e9<\/strong>.<\/p>\n\n\n\n<h3 class=\"wp-block-heading\">Quels barrages sont concern\u00e9s par les travaux de curage ?<\/h3>\n\n\n\n<p>Les <strong>barrages n\u00b01, n\u00b02, n\u00b03<\/strong> et le <strong>barrage de Boulmiougou<\/strong>, situ\u00e9s \u00e0 Ouagadougou, capitale du Burkina Faso.<\/p>\n\n\n\n<h3 class=\"wp-block-heading\">Qui est le Commandant Isma\u00ebl Sombi\u00e9 ?<\/h3>\n\n\n\n<p>Le Commandant <strong>Isma\u00ebl Sombi\u00e9<\/strong> est le ministre d&rsquo;\u00c9tat en charge de l&rsquo;Agriculture, de l&rsquo;Eau, des Ressources animales et halieutiques du Burkina Faso sous la transition du Capitaine Ibrahim Traor\u00e9. Il a r\u00e9alis\u00e9 95,42 % de ses objectifs 2025 selon son contrat d&rsquo;objectifs \u00e9valu\u00e9 en f\u00e9vrier 2026.<\/p>\n\n\n\n<h3 class=\"wp-block-heading\">Pourquoi les barrages de Ouagadougou sont-ils envas\u00e9s ?<\/h3>\n\n\n\n<p>Des ann\u00e9es d&rsquo;occupation ill\u00e9gale des berges par des mara\u00eechers, horticulteurs et constructions informelles ont contribu\u00e9 \u00e0 l&rsquo;envasement progressif des cuvettes, r\u00e9duisant leur capacit\u00e9 hydrique. Les autorit\u00e9s ont accord\u00e9 des d\u00e9lais de lib\u00e9ration des emprises avant le lancement des travaux.<\/p>\n\n\n\n<h3 class=\"wp-block-heading\">Quand les travaux seront-ils termin\u00e9s ?<\/h3>\n\n\n\n<p>Aucune date officielle de fin de travaux n&rsquo;a encore \u00e9t\u00e9 communiqu\u00e9e. Le chantier est lanc\u00e9 en urgence avant la saison des pluies, qui d\u00e9bute g\u00e9n\u00e9ralement \u00e0 Ouagadougou entre mai et juin.<\/p>\n\n\n\n<hr class=\"wp-block-separator has-alpha-channel-opacity\"\/>\n\n\n\n<p><em>\ud83d\udccc <strong>Note de transparence :<\/strong> Cet article s&rsquo;appuie sur des sources v\u00e9rifi\u00e9es : <a href=\"https:\/\/burkina24.com\" target=\"_blank\" rel=\"noreferrer noopener\">Burkina24<\/a>, <a href=\"https:\/\/www.minute.bf\" target=\"_blank\" rel=\"noreferrer noopener\">Minute.bf<\/a>, <a href=\"https:\/\/burkina-faso.news-pravda.com\" target=\"_blank\" rel=\"noreferrer noopener\">Pravda Burkina<\/a>, <a href=\"https:\/\/lacolombeplus.com\" target=\"_blank\" rel=\"noreferrer noopener\">La Colombe Plus<\/a>, <a href=\"https:\/\/www.actualite.bf\" target=\"_blank\" rel=\"noreferrer noopener\">Actualite.bf<\/a>. Conform\u00e9ment \u00e0 la charte \u00e9ditoriale de <a href=\"https:\/\/ivoiroi.com\" target=\"_blank\" rel=\"noreferrer noopener\">Livoiroi<\/a>. Publi\u00e9 le 1er mai 2026.<\/em><\/p>\n\n\n\n<p><\/p>\n","protected":false},"excerpt":{"rendered":"<p>Le ministre d&rsquo;\u00c9tat Commandant Isma\u00ebl Sombi\u00e9 et sa d\u00e9l\u00e9gation officielle sur le site de curage des barrages de Ouagadougou, le<\/p>\n","protected":false},"author":1,"featured_media":1016,"comment_status":"closed","ping_status":"open","sticky":false,"template":"","format":"standard","meta":{"colormag_page_container_layout":"default_layout","colormag_page_sidebar_layout":"default_layout","footnotes":""},"categories":[19],"tags":[48],"class_list":["post-1015","post","type-post","status-publish","format-standard","has-post-thumbnail","hentry","category-international","tag-research"],"magazineBlocksPostFeaturedMedia":{"thumbnail":"https:\/\/ivoiroi.com\/wp-content\/uploads\/2026\/05\/IMG_0036-150x150.jpeg","medium":"https:\/\/ivoiroi.com\/wp-content\/uploads\/2026\/05\/IMG_0036-300x225.jpeg","medium_large":"https:\/\/ivoiroi.com\/wp-content\/uploads\/2026\/05\/IMG_0036-768x576.jpeg","large":"https:\/\/ivoiroi.com\/wp-content\/uploads\/2026\/05\/IMG_0036-1024x768.jpeg","1536x1536":"https:\/\/ivoiroi.com\/wp-content\/uploads\/2026\/05\/IMG_0036.jpeg","2048x2048":"https:\/\/ivoiroi.com\/wp-content\/uploads\/2026\/05\/IMG_0036.jpeg","colormag-highlighted-post":"https:\/\/ivoiroi.com\/wp-content\/uploads\/2026\/05\/IMG_0036-392x272.jpeg","colormag-featured-post-medium":"https:\/\/ivoiroi.com\/wp-content\/uploads\/2026\/05\/IMG_0036-390x205.jpeg","colormag-featured-post-small":"https:\/\/ivoiroi.com\/wp-content\/uploads\/2026\/05\/IMG_0036-130x90.jpeg","colormag-featured-image":"https:\/\/ivoiroi.com\/wp-content\/uploads\/2026\/05\/IMG_0036-800x445.jpeg","colormag-default-news":"https:\/\/ivoiroi.com\/wp-content\/uploads\/2026\/05\/IMG_0036-150x150.jpeg","colormag-featured-image-large":"https:\/\/ivoiroi.com\/wp-content\/uploads\/2026\/05\/IMG_0036-1280x600.jpeg"},"magazineBlocksPostAuthor":{"name":"rdouele","avatar":"https:\/\/secure.gravatar.com\/avatar\/83b83ed3417eeba1389d4503db5ff4fcc4ab98b635bc11213e521a303fef9f0e?s=96&d=mm&r=g"},"magazineBlocksPostCommentsNumber":false,"magazineBlocksPostExcerpt":"Le ministre d&rsquo;\u00c9tat Commandant Isma\u00ebl Sombi\u00e9 et sa d\u00e9l\u00e9gation officielle sur le site de curage des barrages de Ouagadougou, le","magazineBlocksPostCategories":["International"],"magazineBlocksPostViewCount":8,"magazineBlocksPostReadTime":7,"magazine_blocks_featured_image_url":{"full":["https:\/\/ivoiroi.com\/wp-content\/uploads\/2026\/05\/IMG_0036.jpeg",1280,960,false],"medium":["https:\/\/ivoiroi.com\/wp-content\/uploads\/2026\/05\/IMG_0036-300x225.jpeg",300,225,true],"thumbnail":["https:\/\/ivoiroi.com\/wp-content\/uploads\/2026\/05\/IMG_0036-150x150.jpeg",150,150,true]},"magazine_blocks_author":{"display_name":"rdouele","author_link":"https:\/\/ivoiroi.com\/index.php\/author\/rdouele\/"},"magazine_blocks_comment":0,"magazine_blocks_author_image":"https:\/\/secure.gravatar.com\/avatar\/83b83ed3417eeba1389d4503db5ff4fcc4ab98b635bc11213e521a303fef9f0e?s=96&d=mm&r=g","magazine_blocks_category":"<a href=\"#\" class=\"category-link category-link-19\">International<\/a>","_links":{"self":[{"href":"https:\/\/ivoiroi.com\/index.php\/wp-json\/wp\/v2\/posts\/1015","targetHints":{"allow":["GET"]}}],"collection":[{"href":"https:\/\/ivoiroi.com\/index.php\/wp-json\/wp\/v2\/posts"}],"about":[{"href":"https:\/\/ivoiroi.com\/index.php\/wp-json\/wp\/v2\/types\/post"}],"author":[{"embeddable":true,"href":"https:\/\/ivoiroi.com\/index.php\/wp-json\/wp\/v2\/users\/1"}],"replies":[{"embeddable":true,"href":"https:\/\/ivoiroi.com\/index.php\/wp-json\/wp\/v2\/comments?post=1015"}],"version-history":[{"count":5,"href":"https:\/\/ivoiroi.com\/index.php\/wp-json\/wp\/v2\/posts\/1015\/revisions"}],"predecessor-version":[{"id":1026,"href":"https:\/\/ivoiroi.com\/index.php\/wp-json\/wp\/v2\/posts\/1015\/revisions\/1026"}],"wp:featuredmedia":[{"embeddable":true,"href":"https:\/\/ivoiroi.com\/index.php\/wp-json\/wp\/v2\/media\/1016"}],"wp:attachment":[{"href":"https:\/\/ivoiroi.com\/index.php\/wp-json\/wp\/v2\/media?parent=1015"}],"wp:term":[{"taxonomy":"category","embeddable":true,"href":"https:\/\/ivoiroi.com\/index.php\/wp-json\/wp\/v2\/categories?post=1015"},{"taxonomy":"post_tag","embeddable":true,"href":"https:\/\/ivoiroi.com\/index.php\/wp-json\/wp\/v2\/tags?post=1015"}],"curies":[{"name":"wp","href":"https:\/\/api.w.org\/{rel}","templated":true}]}}